{"id":5918,"date":"2017-06-30T15:26:10","date_gmt":"2017-06-30T13:26:10","guid":{"rendered":"http:\/\/www.atmf.org\/?p=5918"},"modified":"2017-07-07T15:31:22","modified_gmt":"2017-07-07T13:31:22","slug":"combattre-les-discriminations-racistes","status":"publish","type":"post","link":"https:\/\/www.atmf.org\/?p=5918","title":{"rendered":"\u00ab\u00a0Combattre les discriminations racistes\u00a0\u00bb"},"content":{"rendered":"<p>Formation \u00ab\u00a0Combattre les discriminations racistes\u00a0\u00bb au centre\u00a0<a class=\"_58cn\" href=\"https:\/\/www.facebook.com\/hashtag\/atmf?source=feed_text&amp;story_id=1781011055248900\" data-ft=\"{&quot;tn&quot;:&quot;*N&quot;,&quot;type&quot;:104}\"><span class=\"_5afx\"><span class=\"_58cl _5afz\">#<\/span><span class=\"_58cm\">ATMF<\/span><\/span><\/a>\u00a0Le Pollux \u00e0 Aix-en-Provence jeudi 29 et vendredi 30 juin 2017.<\/p>\n<blockquote>\n<div>\n<div id=\"x_divtagdefaultwrapper\">\n<div>\n<div>\n<div>\n<div id=\"x_yui_3_16_0_ym19_1_1499078510510_74069\" class=\"x_yahoo_quoted\">\n<div id=\"x_yui_3_16_0_ym19_1_1499078510510_74068\">\n<div id=\"x_yui_3_16_0_ym19_1_1499078510510_74067\">\n<div id=\"x_yui_3_16_0_ym19_1_1499078510510_74066\" class=\"x_y_msg_container\">\n<div id=\"x_yiv4952361873\">\n<div id=\"x_yui_3_16_0_ym19_1_1499078510510_74065\">\n<div id=\"x_yui_3_16_0_ym19_1_1499078510510_74064\">\n<div id=\"x_yiv4952361873yui_3_16_0_ym19_1_1499078510510_21112\">\n<div id=\"x_yiv4952361873yui_3_16_0_ym19_1_1499078510510_21375\"><span id=\"x_yiv4952361873yui_3_16_0_ym19_1_1499078510510_21376\">\u00a0<\/span><\/div>\n<div id=\"x_yiv4952361873yui_3_16_0_ym19_1_1499078510510_21377\"><span style=\"color: #000000;\"><strong><span id=\"x_yiv4952361873yui_3_16_0_ym19_1_1499078510510_21379\">Organisme<\/span><span id=\"x_yiv4952361873yui_3_16_0_ym19_1_1499078510510_21380\">\u00a0: IFAR (Intervention-Formation-Action-Recherche)<\/span><\/strong><\/span><\/div>\n<div id=\"x_yiv4952361873yui_3_16_0_ym19_1_1499078510510_21381\"><span style=\"color: #000000;\"><strong><span id=\"x_yiv4952361873yui_3_16_0_ym19_1_1499078510510_21383\">Intervenant\u00a0<\/span><span id=\"x_yiv4952361873yui_3_16_0_ym19_1_1499078510510_21384\">: M. Ahmed Benyachi<\/span><\/strong><\/span><\/div>\n<div id=\"x_yiv4952361873yui_3_16_0_ym19_1_1499078510510_21385\"><span style=\"color: #000000;\"><strong><span id=\"x_yiv4952361873yui_3_16_0_ym19_1_1499078510510_21387\">Nombre de participants(es)<\/span><span id=\"x_yiv4952361873yui_3_16_0_ym19_1_1499078510510_21388\">\u00a0: 6 jeunes de l\u2019ATMF d\u2019Argenteuil &#8211; 7 jeunes et 6 adultes (salari\u00e9s et b\u00e9n\u00e9voles) de l\u2019ATMF Aix en Provence.<\/span><\/strong><\/span><\/div>\n<div id=\"x_yiv4952361873yui_3_16_0_ym19_1_1499078510510_21389\"><span style=\"color: #000000;\"><strong><span id=\"x_yiv4952361873yui_3_16_0_ym19_1_1499078510510_21391\">Support\u00a0<\/span><span id=\"x_yiv4952361873yui_3_16_0_ym19_1_1499078510510_21392\">: film documentaire<\/span><\/strong><\/span><\/div>\n<div id=\"x_yiv4952361873yui_3_16_0_ym19_1_1499078510510_21393\"><\/div>\n<\/div>\n<\/div>\n<\/div>\n<\/div>\n<\/div>\n<\/div>\n<\/div>\n<\/div>\n<\/div>\n<\/div>\n<\/div>\n<\/div>\n<\/div>\n<\/blockquote>\n<p><strong>\u00a0&#8211;\u00a0Compte rendu\u00a0<\/strong><\/p>\n<p>Le formateur a d\u00e9but\u00e9 son intervention par un rappel historique de la discrimination en relatant les diff\u00e9rentes phases de l\u2019histoire (d\u00e9but XX\u00e8me si\u00e8cle) qui a donn\u00e9 racine \u00e0 ce fait social.<\/p>\n<p>Qu\u2019est-ce que la discrimination\u00a0? Quelles sont les diff\u00e9rentes formes et situations de discriminations\u00a0?\u00a0Les crit\u00e8res ? les lois\/voie p\u00e9nale\/voie civile\u00a0?<\/p>\n<p>Beaucoup d\u2019\u00e9changes enrichissants autour des formes de discrimination\u00a0: discrimination directe, indirecte, syst\u00e9mique. Savoir les diff\u00e9rentier, les identifier et y faire face.<\/p>\n<p>Les crit\u00e8res sont nombreux\u00a0(Source : D\u00e9fenseur de droits) dont voici quelques-uns : L&rsquo;\u00e2ge-\u00a0\u00a0L&rsquo;apparence physique &#8211; L&rsquo;appartenance r\u00e9elle ou suppos\u00e9e \u00e0 une ethnie\u00a0&#8211; Le sexe\u00a0&#8211;\u00a0L&rsquo;appartenance \u00e0 une religion d\u00e9termin\u00e9e-\u00a0\u00a0L&rsquo;\u00e9tat de sant\u00e9-\u00a0L&rsquo;orientation sexuelle-\u00a0La grossesse\u00a0-Les activit\u00e9s syndicales\u00a0-L&rsquo;origine\u00a0&#8211;\u00a0Le lieu de r\u00e9sidence- la capacit\u00e9 de s\u2019exprimer dans une langue autre que le Fran\u00e7ais.<\/p>\n<p>Ces crit\u00e8res et d\u2019autres sont interdits par la loi et encadrent la lutte contre les discriminations.<\/p>\n<p>Le formateur a privil\u00e9gi\u00e9 l\u2019interview des participants(es), leur donnant l\u2019occasion de bien maitriser le concept de discrimination, les d\u00e9finitions pr\u00e9cises. Il leur a \u00e9t\u00e9 demand\u00e9 d\u2019exprimer leur propre exp\u00e9rience, leur v\u00e9cu\u2026<\/p>\n<p>C\u2019est une d\u00e9marche p\u00e9dagogique participative et ouverte qui a mis les participant(e)s\u00a0dans un \u00e9tat de confiance.\u00a0\u00a0Le formateur a veill\u00e9 \u00e0 la prise de parole de chacun dans le respect, l\u2019\u00e9coute et la compr\u00e9hension mutuelle.<\/p>\n<p>Des conseils pratiques ont \u00e9t\u00e9 donn\u00e9s aux jeunes\u00a0: la violence n\u2019\u00e9radique pas l\u2019acte discriminatoire. Il faut plut\u00f4t r\u00e9sister, lutter et rester soi-m\u00eame. Ne rien faire serait accepter et l\u00e9gitimer cet acte prohib\u00e9. Lutter contre c\u2019est affirmer l\u2019acc\u00e8s \u00e0 la citoyennet\u00e9 \u00e0 part enti\u00e8re.<\/p>\n<p>L\u2019intervention a \u00e9t\u00e9 appuy\u00e9e par la projection de deux sc\u00e9nettes et du film documentaire de Yamina Benguigui \u00bb\u00a0<em>le plafond de verre\u00a0\u00bb<\/em>\u00a0film de 2005 mais toujours d\u2019actualit\u00e9s. Il d\u00e9montre les jeunes issus de la deuxi\u00e8me g\u00e9n\u00e9ration des immigr\u00e9s, qui, en d\u00e9pit de leurs efforts multiples se heurteront au plafond de verre, aux aspects invisibles des pratiques sociales (pr\u00e9jug\u00e9s racistes, les id\u00e9es re\u00e7ues, les clich\u00e9s, les st\u00e9r\u00e9otypes\u2026)<\/p>\n<p>Les participants(es) ont exprim\u00e9 \u00e0 la fin de la derni\u00e8re s\u00e9ance leur satisfaction. Ils ont montr\u00e9 leur aptitude et capacit\u00e9 \u00e0 prendre conscience du concept de discrimination. Ils sont partis en se posant beaucoup d\u2019autres questions\u2026<\/p>\n<p>La formation \u00e9tait pertinente et s\u2019est d\u00e9roul\u00e9e dans une ambiance de convivialit\u00e9.<\/p>\n<p><em>Des fiches ont \u00e9t\u00e9 distribu\u00e9es aux participants(es)\u00a0:<\/em><\/p>\n<p>Fiches individuelles de renseignements, d\u2019autorisation \u00e0 l\u2019image et d\u2019\u00e9valuation.<\/p>\n<p>&nbsp;<\/p>\n<p>&nbsp;<\/p>\n<p><img loading=\"lazy\" decoding=\"async\" class=\"aligncenter size-medium wp-image-5930\" src=\"http:\/\/www.atmf.org\/wp-content\/uploads\/2017\/06\/19429768_447473312286151_3158768407013494131_n-212x300.jpg\" alt=\"19429768_447473312286151_3158768407013494131_n\" width=\"212\" height=\"300\" data-wp-pid=\"5930\" srcset=\"https:\/\/www.atmf.org\/wp-content\/uploads\/2017\/06\/19429768_447473312286151_3158768407013494131_n-212x300.jpg 212w, https:\/\/www.atmf.org\/wp-content\/uploads\/2017\/06\/19429768_447473312286151_3158768407013494131_n.jpg 679w\" sizes=\"auto, (max-width: 212px) 100vw, 212px\" \/><\/p>\n<p><img loading=\"lazy\" decoding=\"async\" class=\"aligncenter size-medium wp-image-5920\" src=\"http:\/\/www.atmf.org\/wp-content\/uploads\/2017\/06\/19554068_1569718119727188_8109103392524398643_n-300x169.jpg\" alt=\"19554068_1569718119727188_8109103392524398643_n\" width=\"300\" height=\"169\" data-wp-pid=\"5920\" srcset=\"https:\/\/www.atmf.org\/wp-content\/uploads\/2017\/06\/19554068_1569718119727188_8109103392524398643_n-300x169.jpg 300w, https:\/\/www.atmf.org\/wp-content\/uploads\/2017\/06\/19554068_1569718119727188_8109103392524398643_n-768x432.jpg 768w, https:\/\/www.atmf.org\/wp-content\/uploads\/2017\/06\/19554068_1569718119727188_8109103392524398643_n.jpg 960w\" sizes=\"auto, (max-width: 300px) 100vw, 300px\" \/> <img loading=\"lazy\" decoding=\"async\" class=\"aligncenter size-medium wp-image-5921\" src=\"http:\/\/www.atmf.org\/wp-content\/uploads\/2017\/06\/19554049_1569718093060524_1223313655732985617_n-300x169.jpg\" alt=\"19554049_1569718093060524_1223313655732985617_n\" width=\"300\" height=\"169\" data-wp-pid=\"5921\" srcset=\"https:\/\/www.atmf.org\/wp-content\/uploads\/2017\/06\/19554049_1569718093060524_1223313655732985617_n-300x169.jpg 300w, https:\/\/www.atmf.org\/wp-content\/uploads\/2017\/06\/19554049_1569718093060524_1223313655732985617_n-768x432.jpg 768w, https:\/\/www.atmf.org\/wp-content\/uploads\/2017\/06\/19554049_1569718093060524_1223313655732985617_n.jpg 960w\" sizes=\"auto, (max-width: 300px) 100vw, 300px\" \/> <img loading=\"lazy\" decoding=\"async\" class=\"aligncenter size-medium wp-image-5922\" src=\"http:\/\/www.atmf.org\/wp-content\/uploads\/2017\/06\/19554040_1569717963060537_2827347222963393979_n-300x169.jpg\" alt=\"19554040_1569717963060537_2827347222963393979_n\" width=\"300\" height=\"169\" data-wp-pid=\"5922\" srcset=\"https:\/\/www.atmf.org\/wp-content\/uploads\/2017\/06\/19554040_1569717963060537_2827347222963393979_n-300x169.jpg 300w, https:\/\/www.atmf.org\/wp-content\/uploads\/2017\/06\/19554040_1569717963060537_2827347222963393979_n-768x432.jpg 768w, https:\/\/www.atmf.org\/wp-content\/uploads\/2017\/06\/19554040_1569717963060537_2827347222963393979_n.jpg 960w\" sizes=\"auto, (max-width: 300px) 100vw, 300px\" \/><\/p>\n<p><img loading=\"lazy\" decoding=\"async\" class=\"aligncenter size-medium wp-image-5951\" src=\"http:\/\/www.atmf.org\/wp-content\/uploads\/2017\/06\/19488896_1570779429621057_3070866975677799238_o-300x147.jpg\" alt=\"19488896_1570779429621057_3070866975677799238_o\" width=\"300\" height=\"147\" data-wp-pid=\"5951\" srcset=\"https:\/\/www.atmf.org\/wp-content\/uploads\/2017\/06\/19488896_1570779429621057_3070866975677799238_o-300x147.jpg 300w, https:\/\/www.atmf.org\/wp-content\/uploads\/2017\/06\/19488896_1570779429621057_3070866975677799238_o-768x376.jpg 768w, https:\/\/www.atmf.org\/wp-content\/uploads\/2017\/06\/19488896_1570779429621057_3070866975677799238_o-1024x502.jpg 1024w, https:\/\/www.atmf.org\/wp-content\/uploads\/2017\/06\/19488896_1570779429621057_3070866975677799238_o.jpg 1306w\" sizes=\"auto, (max-width: 300px) 100vw, 300px\" \/> <img loading=\"lazy\" decoding=\"async\" class=\"aligncenter size-medium wp-image-5952\" src=\"http:\/\/www.atmf.org\/wp-content\/uploads\/2017\/06\/19467799_1570779232954410_477721904385226791_o-300x127.jpg\" alt=\"19467799_1570779232954410_477721904385226791_o\" width=\"300\" height=\"127\" data-wp-pid=\"5952\" srcset=\"https:\/\/www.atmf.org\/wp-content\/uploads\/2017\/06\/19467799_1570779232954410_477721904385226791_o-300x127.jpg 300w, https:\/\/www.atmf.org\/wp-content\/uploads\/2017\/06\/19467799_1570779232954410_477721904385226791_o-768x324.jpg 768w, https:\/\/www.atmf.org\/wp-content\/uploads\/2017\/06\/19467799_1570779232954410_477721904385226791_o-1024x433.jpg 1024w, https:\/\/www.atmf.org\/wp-content\/uploads\/2017\/06\/19467799_1570779232954410_477721904385226791_o-800x338.jpg 800w, https:\/\/www.atmf.org\/wp-content\/uploads\/2017\/06\/19467799_1570779232954410_477721904385226791_o.jpg 1477w\" sizes=\"auto, (max-width: 300px) 100vw, 300px\" \/><\/p>\n","protected":false},"excerpt":{"rendered":"<p>Formation \u00ab\u00a0Combattre les discriminations racistes\u00a0\u00bb au centre\u00a0#ATMF\u00a0Le Pollux \u00e0 Aix-en-Provence jeudi 29 et vendredi 30 juin 2017. \u00a0 Organisme\u00a0: IFAR (Intervention-Formation-Action-Recherche) Intervenant\u00a0: M. Ahmed Benyachi Nombre de participants(es)\u00a0: 6 jeunes de l\u2019ATMF d\u2019Argenteuil &#8211; 7 jeunes et 6 adultes (salari\u00e9s &hellip; <a href=\"https:\/\/www.atmf.org\/?p=5918\">Continue reading <span class=\"meta-nav\">&rarr;<\/span><\/a><\/p>\n","protected":false},"author":1,"featured_media":0,"comment_status":"closed","ping_status":"closed","sticky":false,"template":"","format":"standard","meta":{"ngg_post_thumbnail":0,"_monsterinsights_skip_tracking":false,"_monsterinsights_sitenote_active":false,"_monsterinsights_sitenote_note":"","_monsterinsights_sitenote_category":0,"footnotes":""},"categories":[84,88,108],"tags":[],"class_list":["post-5918","post","type-post","status-publish","format-standard","hentry","category-activites-membres","category-aix-en-provence","category-lutte-contre-le-racisme"],"_links":{"self":[{"href":"https:\/\/www.atmf.org\/index.php?rest_route=\/wp\/v2\/posts\/5918","targetHints":{"allow":["GET"]}}],"collection":[{"href":"https:\/\/www.atmf.org\/index.php?rest_route=\/wp\/v2\/posts"}],"about":[{"href":"https:\/\/www.atmf.org\/index.php?rest_route=\/wp\/v2\/types\/post"}],"author":[{"embeddable":true,"href":"https:\/\/www.atmf.org\/index.php?rest_route=\/wp\/v2\/users\/1"}],"replies":[{"embeddable":true,"href":"https:\/\/www.atmf.org\/index.php?rest_route=%2Fwp%2Fv2%2Fcomments&post=5918"}],"version-history":[{"count":5,"href":"https:\/\/www.atmf.org\/index.php?rest_route=\/wp\/v2\/posts\/5918\/revisions"}],"predecessor-version":[{"id":5953,"href":"https:\/\/www.atmf.org\/index.php?rest_route=\/wp\/v2\/posts\/5918\/revisions\/5953"}],"wp:attachment":[{"href":"https:\/\/www.atmf.org\/index.php?rest_route=%2Fwp%2Fv2%2Fmedia&parent=5918"}],"wp:term":[{"taxonomy":"category","embeddable":true,"href":"https:\/\/www.atmf.org\/index.php?rest_route=%2Fwp%2Fv2%2Fcategories&post=5918"},{"taxonomy":"post_tag","embeddable":true,"href":"https:\/\/www.atmf.org\/index.php?rest_route=%2Fwp%2Fv2%2Ftags&post=5918"}],"curies":[{"name":"wp","href":"https:\/\/api.w.org\/{rel}","templated":true}]}}