{"id":5954,"date":"2017-07-11T15:33:24","date_gmt":"2017-07-11T13:33:24","guid":{"rendered":"http:\/\/www.atmf.org\/?p=5954"},"modified":"2017-07-11T15:33:24","modified_gmt":"2017-07-11T13:33:24","slug":"cafe-populaire-de-limmigration","status":"publish","type":"post","link":"https:\/\/www.atmf.org\/?p=5954","title":{"rendered":"Caf\u00e9 Populaire de l&rsquo;Immigration"},"content":{"rendered":"<p>Apr\u00e8s une premi\u00e8re rencontre le 29 mai consacr\u00e9e \u00e0 la compr\u00e9hension de la situation \u00e9conomique, sociale et politique dans le Rif, une\u00a0\u00a0deuxi\u00e8me rencontre \u00a0a eu lieu samedi 8 juillet 2017 \u00a0\u00e0 Bagnolete , autour du film \u00ab Rif 58-59, briser le silence \u00bb, \u00e9tait consacr\u00e9e aux modalit\u00e9s de soutien et de solidarit\u00e9 entre les femmes des diasporas de l&rsquo;immigration ici et nos fr\u00e8res et s\u0153urs du Rif.<\/p>\n<p>Khadija Ryadi (du Maroc via Skype) nous a fait un point sur la r\u00e9pression du Hirak, sur l&rsquo;inventivit\u00e9 de la r\u00e9sistance des jeunes rifain-es, et sur le soutien pour la lib\u00e9ration des d\u00e9tenu-es politiques auquel cette grande militante historique participe activement elle-m\u00eame \u00e0 travers l&rsquo;appel \u00ab Marocaines Debout pour la lib\u00e9ration des d\u00e9tenu-es politiques \u00bb.<br \/>\nHanane Karimi a, en r\u00e9ponse \u00e0 \u00ab\u00a0Marocaines debout\u00a0\u00bb, lu notre appel de femmes des diasporas de l&rsquo;immigration pour la lib\u00e9ration des d\u00e9tenu-es politiques du Rif.<\/p>\n<p>Merci infiniment \u00e0 Khadija Ryadi,\u00a0<span style=\"color: #000000;\"><a class=\"x_gmail-profileLink\" style=\"color: #000000;\" href=\"https:\/\/www.facebook.com\/hanane.karimi.1?fref=mentions\" target=\"_blank\">Hanane Karimi<\/a>,\u00a0<a class=\"x_gmail-profileLink\" style=\"color: #000000;\" href=\"https:\/\/www.facebook.com\/francoise.verges?fref=mentions\" target=\"_blank\">Fran\u00e7oise Verg\u00e8s<\/a>,\u00a0<a class=\"x_gmail-profileLink\" style=\"color: #000000;\" href=\"https:\/\/www.facebook.com\/fhamhami?fref=mentions\" target=\"_blank\">Fouzia Hamhami<\/a>,\u00a0<a class=\"x_gmail-profileLink\" style=\"color: #000000;\" href=\"https:\/\/www.facebook.com\/manyyyyyyyy?fref=mentions\" target=\"_blank\">Many Chroniques<\/a>,\u00a0<a class=\"x_gmail-profileLink\" style=\"color: #000000;\" href=\"https:\/\/www.facebook.com\/farah.medarbi?fref=mentions\" target=\"_blank\">Farah Haddad Medarbi<\/a>\u00a0et Hafida Ouhami, pour leur \u00e9clairage \u00e0 travers leur exp\u00e9rience politique et militante. Elles ont parfaitement mis en perspective la n\u00e9cessit\u00e9 d&rsquo;une d\u00e9marche internationaliste, dans la tradition anti-colonialiste, pour soutenir nos fr\u00e8res et s\u0153urs du Rif.\u00a0<\/span><br \/>\n<span style=\"color: #000000;\">Merci \u00e9galement \u00e0\u00a0<a class=\"x_gmail-profileLink\" style=\"color: #000000;\" href=\"https:\/\/www.facebook.com\/oufkirr?fref=mentions\" target=\"_blank\">Rachid Oufkir<\/a>, du\u00a0<a class=\"x_gmail-profileLink\" style=\"color: #000000;\" href=\"https:\/\/www.facebook.com\/Le-comit%C3%A9-de-soutien-au-mouvement-rifain-Ile-de-France-Csmr-Idf-1923363964560334\/?fref=mentions\" target=\"_blank\">Le comit\u00e9 de soutien au mouvement rifain Ile de France Csmr-Idf<\/a>, organisation qui travaille d&rsquo;arrache-pied et au quotidien \u00e0 mobiliser et \u00e0 inscrire la situation du Rif dans l&rsquo;agenda politique et m\u00e9diatique fran\u00e7<\/span>ais.<\/p>\n<p>Les \u00e9changes de ce Caf\u00e9 Populaire de l&rsquo;Immigration ont principalement fait ressortir ces quelques points :<\/p>\n<p>&#8211; Strat\u00e9gies \u00e0 court et long terme : il y a n\u00e9cessit\u00e9 de rester mobilis\u00e9-es sur du tr\u00e8s court terme, \u00e0 travers notamment l&rsquo;organisation de manifestations aux mots d&rsquo;ordre simples et strictement d\u00e9di\u00e9s \u00e0 la situation dans le Rif, car nos fr\u00e8res et s\u0153ur du Rif sont toujours r\u00e9prim\u00e9s, et pr\u00e8s de 200 d&rsquo;entre eux sont toujours en prison, y subissant torture et s\u00e9vices sexuels. Mais parall\u00e8lement, pour construire une cr\u00e9dibilit\u00e9 et un poids r\u00e9el dans le rapport de force politique \u00e0 m\u00eame d&rsquo;\u00eatre favorable aux Rifains (mobilisation des diasporas, strat\u00e9gies d&rsquo;alliances, ancrage territorial, enjeux de transmission, etc), il nous faut mobiliser sur les enjeux structurels de la contestation dans le Rif, et cela ne peut se faire que sur du long terme. C&rsquo;est sur le long que s&rsquo;inscrit le Caf\u00e9 Populaire de l&rsquo;Immigration.<\/p>\n<p>&#8211; Mobilisation au niveau local : ici, il faut travailler dans les territoires, en particulier dans les quartiers populaires, c&rsquo;est l\u00e0 que nous sommes, c&rsquo;est l\u00e0 que nous pouvons peser r\u00e9ellement, c&rsquo;est l\u00e0 que nous pouvons concr\u00e8tement imposer un rapport de forces politiques favorable aux n\u00f4tres, ici et l\u00e0-bas.<\/p>\n<p>&#8211; Car nos destins ici et l\u00e0-bas sont li\u00e9s ! (Ils le sont d&rsquo;autant plus quand, comme pour moi, on est n\u00e9 dans le Rif, on y a grandi, qu&rsquo;une grande partie de sa famille y vit toujours; et qu&rsquo;on vit en France, ancien pays colon et soutien actuel du pouvoir marocain&#8230;). Il faut respecter les enjeux politiques tels que pos\u00e9s par nos fr\u00e8res et s\u0153urs du Rif (justice, justice sociale, dignit\u00e9, amazighit\u00e9\/islamit\u00e9, etc), et les mettre en perspective par rapport \u00e0 nos propres enjeux politiques ici qui sont totalement li\u00e9s (lutte contre les oppressions que subissent les habitant-es des quartiers populaires, lutte contre les violences polici\u00e8res et judiciaires qu&rsquo;ils subissent, etc) : plus nous serons organis\u00e9s politiquement ici, plus nous pourrons soutenir efficacement nos fr\u00e8res et s\u0153urs l\u00e0-bas, en imposant notamment que le r\u00e9gime fran\u00e7ais ne soutienne pas le r\u00e9gime marocain quand il opprime\/r\u00e9prime les n\u00f4tres. Et plus les n\u00f4tres seront organis\u00e9s politiquement l\u00e0-bas, moins le r\u00e9gime fran\u00e7ais pourra nous \u00e9craser ici.<\/p>\n<p>&#8211; Pour un internationalisme populaire : r\u00e9inscrivons nos luttes de lib\u00e9ration dans une d\u00e9marche internationaliste, red\u00e9finissons-nous comme parties prenantes de diasporas politiques, red\u00e9finissons un espace politique pour construire nos solidarit\u00e9s ici\/l\u00e0-bas et agir en cons\u00e9quence en particulier dans les quartiers populaires.<\/p>\n<p>De nombreuses initiatives vont avoir lieu en juillet, notamment le 20 juillet, \u00e0 Paris, Lyon, Nice, etc.<br \/>\nLe prochain Caf\u00e9 Populaire de l&rsquo;Immigration sera lui consacr\u00e9 \u00e0 un d\u00e9bat de fond sur \u00ab les enjeux politiques de l&rsquo;amazighit\u00e9 \u00bb que met en lumi\u00e8re la contestation sociale dans le Rif. Plus d&rsquo;infos prochainement.<\/p>\n<p>coordination Paris \/Casa :<span style=\"color: #000000;\">\u00a0<a class=\"x_gmail-profileLink\" style=\"color: #000000;\" href=\"https:\/\/www.facebook.com\/souriyya.tikki?fref=mentions\" target=\"_blank\">Souriyya Tikki<\/a>\u00a0<\/span><\/p>\n<p><span style=\"color: #000000;\">\u00a0Photos et vid\u00e9os :\u00a0<a class=\"x_gmail-profileLink\" style=\"color: #000000;\" href=\"https:\/\/www.facebook.com\/gamalalatete?fref=mentions\" target=\"_blank\">Gamal Abina<\/a>\u00a0et\u00a0<a class=\"x_gmail-profileLink\" style=\"color: #000000;\" href=\"https:\/\/www.facebook.com\/helene.harder.1?fref=mentions\" target=\"_blank\">Helene Harder<\/a>\u00a0<\/span><\/p>\n<p>Compte rendu : Fatima Ouassek<img loading=\"lazy\" decoding=\"async\" class=\"aligncenter size-medium wp-image-5964\" src=\"http:\/\/www.atmf.org\/wp-content\/uploads\/2017\/07\/19756412_10209581850246643_13347211197514789_n-204x300.jpg\" alt=\"19756412_10209581850246643_13347211197514789_n\" width=\"204\" height=\"300\" data-wp-pid=\"5964\" srcset=\"https:\/\/www.atmf.org\/wp-content\/uploads\/2017\/07\/19756412_10209581850246643_13347211197514789_n-204x300.jpg 204w, https:\/\/www.atmf.org\/wp-content\/uploads\/2017\/07\/19756412_10209581850246643_13347211197514789_n.jpg 654w\" sizes=\"auto, (max-width: 204px) 100vw, 204px\" \/><\/p>\n<p>&nbsp;<\/p>\n<p><span style=\"color: #000000;\">\u00a0<img loading=\"lazy\" decoding=\"async\" class=\"aligncenter size-medium wp-image-5955\" src=\"http:\/\/www.atmf.org\/wp-content\/uploads\/2017\/07\/19787464_1414370145336876_4830914432877850172_o-300x200.jpg\" alt=\"19787464_1414370145336876_4830914432877850172_o\" width=\"300\" height=\"200\" data-wp-pid=\"5955\" srcset=\"https:\/\/www.atmf.org\/wp-content\/uploads\/2017\/07\/19787464_1414370145336876_4830914432877850172_o-300x200.jpg 300w, https:\/\/www.atmf.org\/wp-content\/uploads\/2017\/07\/19787464_1414370145336876_4830914432877850172_o-768x512.jpg 768w, https:\/\/www.atmf.org\/wp-content\/uploads\/2017\/07\/19787464_1414370145336876_4830914432877850172_o-1024x683.jpg 1024w, https:\/\/www.atmf.org\/wp-content\/uploads\/2017\/07\/19787464_1414370145336876_4830914432877850172_o.jpg 2048w\" sizes=\"auto, (max-width: 300px) 100vw, 300px\" \/> <img loading=\"lazy\" decoding=\"async\" class=\"aligncenter size-medium wp-image-5956\" src=\"http:\/\/www.atmf.org\/wp-content\/uploads\/2017\/07\/19756682_1414364055337485_4636406072913871067_n-200x300.jpg\" alt=\"19756682_1414364055337485_4636406072913871067_n\" width=\"200\" height=\"300\" data-wp-pid=\"5956\" srcset=\"https:\/\/www.atmf.org\/wp-content\/uploads\/2017\/07\/19756682_1414364055337485_4636406072913871067_n-200x300.jpg 200w, https:\/\/www.atmf.org\/wp-content\/uploads\/2017\/07\/19756682_1414364055337485_4636406072913871067_n.jpg 640w\" sizes=\"auto, (max-width: 200px) 100vw, 200px\" \/> <img loading=\"lazy\" decoding=\"async\" class=\"aligncenter size-medium wp-image-5957\" src=\"http:\/\/www.atmf.org\/wp-content\/uploads\/2017\/07\/19800729_1414370088670215_2022655435345840233_o-300x200.jpg\" alt=\"19800729_1414370088670215_2022655435345840233_o\" width=\"300\" height=\"200\" data-wp-pid=\"5957\" srcset=\"https:\/\/www.atmf.org\/wp-content\/uploads\/2017\/07\/19800729_1414370088670215_2022655435345840233_o-300x200.jpg 300w, https:\/\/www.atmf.org\/wp-content\/uploads\/2017\/07\/19800729_1414370088670215_2022655435345840233_o-768x512.jpg 768w, https:\/\/www.atmf.org\/wp-content\/uploads\/2017\/07\/19800729_1414370088670215_2022655435345840233_o-1024x683.jpg 1024w, https:\/\/www.atmf.org\/wp-content\/uploads\/2017\/07\/19800729_1414370088670215_2022655435345840233_o.jpg 2048w\" sizes=\"auto, (max-width: 300px) 100vw, 300px\" \/> <img loading=\"lazy\" decoding=\"async\" class=\"aligncenter size-medium wp-image-5958\" src=\"http:\/\/www.atmf.org\/wp-content\/uploads\/2017\/07\/19801059_1414364618670762_3494671316426282837_o-300x200.jpg\" alt=\"19801059_1414364618670762_3494671316426282837_o\" width=\"300\" height=\"200\" data-wp-pid=\"5958\" srcset=\"https:\/\/www.atmf.org\/wp-content\/uploads\/2017\/07\/19801059_1414364618670762_3494671316426282837_o-300x200.jpg 300w, https:\/\/www.atmf.org\/wp-content\/uploads\/2017\/07\/19801059_1414364618670762_3494671316426282837_o-768x512.jpg 768w, https:\/\/www.atmf.org\/wp-content\/uploads\/2017\/07\/19801059_1414364618670762_3494671316426282837_o-1024x683.jpg 1024w, https:\/\/www.atmf.org\/wp-content\/uploads\/2017\/07\/19801059_1414364618670762_3494671316426282837_o.jpg 2048w\" sizes=\"auto, (max-width: 300px) 100vw, 300px\" \/> <img loading=\"lazy\" decoding=\"async\" class=\"aligncenter size-medium wp-image-5959\" src=\"http:\/\/www.atmf.org\/wp-content\/uploads\/2017\/07\/19944599_1414375398669684_1895108248613573367_o-300x225.jpg\" alt=\"19944599_1414375398669684_1895108248613573367_o\" width=\"300\" height=\"225\" data-wp-pid=\"5959\" srcset=\"https:\/\/www.atmf.org\/wp-content\/uploads\/2017\/07\/19944599_1414375398669684_1895108248613573367_o-300x225.jpg 300w, https:\/\/www.atmf.org\/wp-content\/uploads\/2017\/07\/19944599_1414375398669684_1895108248613573367_o-768x576.jpg 768w, https:\/\/www.atmf.org\/wp-content\/uploads\/2017\/07\/19944599_1414375398669684_1895108248613573367_o-1024x768.jpg 1024w, https:\/\/www.atmf.org\/wp-content\/uploads\/2017\/07\/19944599_1414375398669684_1895108248613573367_o.jpg 2048w\" sizes=\"auto, (max-width: 300px) 100vw, 300px\" \/> <img loading=\"lazy\" decoding=\"async\" class=\"aligncenter size-medium wp-image-5960\" src=\"http:\/\/www.atmf.org\/wp-content\/uploads\/2017\/07\/19895060_1414364832004074_2730602486054580986_n-200x300.jpg\" alt=\"19895060_1414364832004074_2730602486054580986_n\" width=\"200\" height=\"300\" data-wp-pid=\"5960\" srcset=\"https:\/\/www.atmf.org\/wp-content\/uploads\/2017\/07\/19895060_1414364832004074_2730602486054580986_n-200x300.jpg 200w, https:\/\/www.atmf.org\/wp-content\/uploads\/2017\/07\/19895060_1414364832004074_2730602486054580986_n.jpg 640w\" sizes=\"auto, (max-width: 200px) 100vw, 200px\" \/> <img loading=\"lazy\" decoding=\"async\" class=\"aligncenter size-medium wp-image-5961\" src=\"http:\/\/www.atmf.org\/wp-content\/uploads\/2017\/07\/19956000_1414364012004156_7971704815498825669_o-300x225.jpg\" alt=\"19956000_1414364012004156_7971704815498825669_o\" width=\"300\" height=\"225\" data-wp-pid=\"5961\" srcset=\"https:\/\/www.atmf.org\/wp-content\/uploads\/2017\/07\/19956000_1414364012004156_7971704815498825669_o-300x225.jpg 300w, https:\/\/www.atmf.org\/wp-content\/uploads\/2017\/07\/19956000_1414364012004156_7971704815498825669_o-768x576.jpg 768w, https:\/\/www.atmf.org\/wp-content\/uploads\/2017\/07\/19956000_1414364012004156_7971704815498825669_o-1024x768.jpg 1024w, https:\/\/www.atmf.org\/wp-content\/uploads\/2017\/07\/19956000_1414364012004156_7971704815498825669_o.jpg 2048w\" sizes=\"auto, (max-width: 300px) 100vw, 300px\" \/> <img loading=\"lazy\" decoding=\"async\" class=\"aligncenter size-medium wp-image-5962\" src=\"http:\/\/www.atmf.org\/wp-content\/uploads\/2017\/07\/19983796_1414364475337443_6595049603647104159_o-300x169.jpg\" alt=\"19983796_1414364475337443_6595049603647104159_o\" width=\"300\" height=\"169\" data-wp-pid=\"5962\" srcset=\"https:\/\/www.atmf.org\/wp-content\/uploads\/2017\/07\/19983796_1414364475337443_6595049603647104159_o-300x169.jpg 300w, https:\/\/www.atmf.org\/wp-content\/uploads\/2017\/07\/19983796_1414364475337443_6595049603647104159_o-768x432.jpg 768w, https:\/\/www.atmf.org\/wp-content\/uploads\/2017\/07\/19983796_1414364475337443_6595049603647104159_o-1024x576.jpg 1024w, https:\/\/www.atmf.org\/wp-content\/uploads\/2017\/07\/19983796_1414364475337443_6595049603647104159_o.jpg 2048w\" sizes=\"auto, (max-width: 300px) 100vw, 300px\" \/> <img loading=\"lazy\" decoding=\"async\" class=\"aligncenter size-medium wp-image-5963\" src=\"http:\/\/www.atmf.org\/wp-content\/uploads\/2017\/07\/19956000_1414364012004156_7971704815498825669_o-1-300x225.jpg\" alt=\"19956000_1414364012004156_7971704815498825669_o\" width=\"300\" height=\"225\" data-wp-pid=\"5963\" srcset=\"https:\/\/www.atmf.org\/wp-content\/uploads\/2017\/07\/19956000_1414364012004156_7971704815498825669_o-1-300x225.jpg 300w, https:\/\/www.atmf.org\/wp-content\/uploads\/2017\/07\/19956000_1414364012004156_7971704815498825669_o-1-768x576.jpg 768w, https:\/\/www.atmf.org\/wp-content\/uploads\/2017\/07\/19956000_1414364012004156_7971704815498825669_o-1-1024x768.jpg 1024w, https:\/\/www.atmf.org\/wp-content\/uploads\/2017\/07\/19956000_1414364012004156_7971704815498825669_o-1-800x600.jpg 800w, https:\/\/www.atmf.org\/wp-content\/uploads\/2017\/07\/19956000_1414364012004156_7971704815498825669_o-1.jpg 2048w\" sizes=\"auto, (max-width: 300px) 100vw, 300px\" \/><\/span><\/p>\n<p>&nbsp;<\/p>\n","protected":false},"excerpt":{"rendered":"<p>Apr\u00e8s une premi\u00e8re rencontre le 29 mai consacr\u00e9e \u00e0 la compr\u00e9hension de la situation \u00e9conomique, sociale et politique dans le Rif, une\u00a0\u00a0deuxi\u00e8me rencontre \u00a0a eu lieu samedi 8 juillet 2017 \u00a0\u00e0 Bagnolete , autour du film \u00ab Rif 58-59, briser &hellip; <a href=\"https:\/\/www.atmf.org\/?p=5954\">Continue reading <span class=\"meta-nav\">&rarr;<\/span><\/a><\/p>\n","protected":false},"author":1,"featured_media":0,"comment_status":"closed","ping_status":"closed","sticky":false,"template":"","format":"standard","meta":{"ngg_post_thumbnail":0,"_monsterinsights_skip_tracking":false,"_monsterinsights_sitenote_active":false,"_monsterinsights_sitenote_note":"","_monsterinsights_sitenote_category":0,"footnotes":""},"categories":[84,79,5],"tags":[],"class_list":["post-5954","post","type-post","status-publish","format-standard","hentry","category-activites-membres","category-maghreb","category-solidarite-internationale"],"_links":{"self":[{"href":"https:\/\/www.atmf.org\/index.php?rest_route=\/wp\/v2\/posts\/5954","targetHints":{"allow":["GET"]}}],"collection":[{"href":"https:\/\/www.atmf.org\/index.php?rest_route=\/wp\/v2\/posts"}],"about":[{"href":"https:\/\/www.atmf.org\/index.php?rest_route=\/wp\/v2\/types\/post"}],"author":[{"embeddable":true,"href":"https:\/\/www.atmf.org\/index.php?rest_route=\/wp\/v2\/users\/1"}],"replies":[{"embeddable":true,"href":"https:\/\/www.atmf.org\/index.php?rest_route=%2Fwp%2Fv2%2Fcomments&post=5954"}],"version-history":[{"count":1,"href":"https:\/\/www.atmf.org\/index.php?rest_route=\/wp\/v2\/posts\/5954\/revisions"}],"predecessor-version":[{"id":5965,"href":"https:\/\/www.atmf.org\/index.php?rest_route=\/wp\/v2\/posts\/5954\/revisions\/5965"}],"wp:attachment":[{"href":"https:\/\/www.atmf.org\/index.php?rest_route=%2Fwp%2Fv2%2Fmedia&parent=5954"}],"wp:term":[{"taxonomy":"category","embeddable":true,"href":"https:\/\/www.atmf.org\/index.php?rest_route=%2Fwp%2Fv2%2Fcategories&post=5954"},{"taxonomy":"post_tag","embeddable":true,"href":"https:\/\/www.atmf.org\/index.php?rest_route=%2Fwp%2Fv2%2Ftags&post=5954"}],"curies":[{"name":"wp","href":"https:\/\/api.w.org\/{rel}","templated":true}]}}