{"id":6001,"date":"2017-07-24T14:24:54","date_gmt":"2017-07-24T12:24:54","guid":{"rendered":"http:\/\/www.atmf.org\/?p=6001"},"modified":"2017-07-24T14:27:16","modified_gmt":"2017-07-24T12:27:16","slug":"errance-des-mineurs-isoles-marocains-dans-les-rues-parisiennes","status":"publish","type":"post","link":"https:\/\/www.atmf.org\/?p=6001","title":{"rendered":"Errance des mineurs isol\u00e9s marocains dans les rues parisiennes"},"content":{"rendered":"<p><strong><em><u>Quartier de la Goutte d\u2019Or\u00a0: l\u2019errance des mineurs isol\u00e9s marocains<\/u><\/em><\/strong><\/p>\n<p>&nbsp;<\/p>\n<p>Entretien avec Driss ElKherchi, pr\u00e9sident de l\u2019ATMF<\/p>\n<p>&nbsp;<\/p>\n<p><strong><em>Depuis quelques semaines, des mineurs marocains isol\u00e9s, errant dans le Quartier de la Goutte d\u2019Or, se sont rapproch\u00e9s de l\u2019ATMF. Pour ceux que tu as rencontr\u00e9s, quel est ton sentiment\u00a0?<\/em><\/strong><\/p>\n<p>Nous sommes au courant qu\u2019une centaine de mineurs marocains isol\u00e9s errent dans les rues du quartier Barb\u00e8s \u2013 La Chapelle, depuis plusieurs mois (janvier 2017). Nous avons interpell\u00e9 les agents municipaux \u00e0 ce sujet, qui nous ont expliqu\u00e9 que ces mineurs sont pris en charge par diff\u00e9rentes associations, et que la Mairie de Paris a mis en place un dispositif pour les mettre \u00e0 l\u2019abri, et que c\u2019\u00e9tait un travail difficile.<\/p>\n<p>Depuis plusieurs semaines, quelques-uns de ces mineurs se sont rapproch\u00e9s de nous et ont commenc\u00e9 \u00e0 venir dans notre local, situ\u00e9 \u00e0 quelques m\u00e8tres du square Alain Bashung, cherchant du soutien (de quoi manger, des cigarettes, charger leur t\u00e9l\u00e9phone, se connecter sur Internet \u2026) Nous avons commenc\u00e9 \u00e0 tenter des d\u00e9marches de mises \u00e0 l\u2019abri en appelant diff\u00e9rents services, notamment le jeudi 13 juillet, en milieu d\u2019apr\u00e8s-midi, o\u00f9 un groupe de 6 mineurs \u00e9tait d\u00e9cid\u00e9 \u00e0 aller en foyer.<\/p>\n<p>Ce jour-l\u00e0, on a contact\u00e9 la cellule nationale pour mineurs non accompagn\u00e9s, qui nous a orient\u00e9s vers l\u2019association Hors la rue, situ\u00e9e \u00e0 Montreuil. Jointe au t\u00e9l\u00e9phone, celle-ci nous a pr\u00e9cis\u00e9 que pour une mise \u00e0 l\u2019abri d\u00e8s le soir-m\u00eame de ces mineurs, il fallait les emmener au commissariat de police du 18<sup>e<\/sup>, \u00e0 charge pour ce dernier de les accompagner dans un foyer. Nous joignons alors au t\u00e9l\u00e9phone le commissariat de la Goutte d\u2019Or, qui lui nous informe de son c\u00f4t\u00e9, que les mineurs n\u2019ayant commis aucune infraction, il n\u2019y a pas besoin d\u2019\u00eatre accompagn\u00e9s par la police en foyer, ceci suite \u00e0 la directive re\u00e7ue du Parquet. Il nous a \u00e9t\u00e9 indiqu\u00e9 de prendre contact avec la CRIP (Cellule de recueillement et d\u2019informations pr\u00e9occupantes), ce que nous avons fait. Mais cette cellule nous r\u00e9pond que le passage de ces mineurs par le commissariat est obligatoire avant une admission dans les foyers.<\/p>\n<p>Nous d\u00e9cidons alors d\u2019emmener les 6 mineurs au commissariat, (apr\u00e8s une longue discussion avec eux). Nous \u00e9tions en tout 3 adultes. Une fois sur place, l\u2019un des policiers a contact\u00e9 le Parquet, pour venir nous redire que sa position \u00e9tait claire\u00a0: des mineurs n\u2019ayant rien commis n\u2019ont pas \u00e0 \u00eatre accompagn\u00e9s par la police. R\u00e9sultat, quadrature du cercle ou labyrinthe kafka\u00efen, les mineurs sont rest\u00e9s dans la rue.<\/p>\n<p>C\u2019\u00e9tait le long week-end du 14 juillet 2017 pour les jeunes mineurs isol\u00e9s marocains\u2026<\/p>\n<p>&nbsp;<\/p>\n<p><strong><em>Aujourd\u2019hui, ce vendredi 21 juillet, est-ce qu\u2019il y a du nouveau\u00a0?\u00a0<\/em><\/strong><\/p>\n<p>H\u00e9las, aucune solution, en termes de protection de ces mineurs, n\u2019a \u00e9t\u00e9 apport\u00e9e par les institutions habilit\u00e9es. C\u2019est notre constat, puisque ces mineurs sont toujours dans la rue. Ils continuent, pour certains, de venir dans notre local, \u00e0 la recherche de soutiens (nourriture, repos etc \u2026) Si on doit parler d\u2019une avanc\u00e9e, elle se situe \u00e0 deux niveaux\u00a0:<\/p>\n<p>Le premier\u00a0: nous avons \u00e9t\u00e9 re\u00e7us par le commissaire du 18<sup>e<\/sup> qui nous a pr\u00e9cis\u00e9 que l\u2019accueil de ces mineurs, jusqu\u2019\u00e0 17h30\/18 heures, peut \u00eatre sollicit\u00e9 directement aupr\u00e8s de la Croix-Rouge charg\u00e9e du DEMIE (dispositif d\u2019\u00e9valuation des mineurs isol\u00e9s \u00e9trangers) et de la CRIP ainsi qu\u2019aupr\u00e8s des autres structures d\u2019accueils des mineurs. Et qu\u2019au-del\u00e0 de 18 heures, ses services assureront l\u2019accompagnement des mineurs isol\u00e9s.<\/p>\n<p>Le second\u00a0: L\u2019association Hors la rue a parl\u00e9 d\u2019un renforcement pour le suivi de ces mineurs dans le quartier. Il est pr\u00e9vu de voir avec nous comment nous pouvons leur apporter un soutien dans leur mission.<\/p>\n<p>&nbsp;<\/p>\n<p><strong><em>Conclusion\u00a0? \u2026<\/em><\/strong><\/p>\n<p>Il est inadmissible, en R\u00e9publique fran\u00e7aise, o\u00f9 la loi stipule que tout mineur isol\u00e9 non accompagn\u00e9 (donc en danger) doit b\u00e9n\u00e9ficier d\u2019une protection, de constater que depuis plusieurs mois, les moyens mis en \u0153uvre pour cette mission de service public sont compl\u00e8tement insatisfaisants. Ce qui n\u2019enl\u00e8ve rien au travail effectu\u00e9 par ces diff\u00e9rents services, confront\u00e9s \u00e0 des probl\u00e9matiques qui semblent les d\u00e9passer.<\/p>\n<p>A noter aussi que nous n\u2019avons pas entendu parler d\u2019une intervention quelconque de l\u2019ambassade du Maroc ou des consulats marocains, rien n\u2019a \u00e9t\u00e9 propos\u00e9 par les autorit\u00e9s marocaines ici \u00e0 Paris \u00e0 ces mineurs marocains.<\/p>\n<p>Aujourd\u2019hui, des mineurs sont toujours dans la rue, avec tout ce que cela comporte comme danger. Beaucoup sont tr\u00e8s fragilis\u00e9s par manque de nourriture, de sommeil, et de prise de stup\u00e9fiants.<\/p>\n<p>A rappeler aussi que malheureusement, ces mineurs marocains sont \u00e0 ajouter \u00e0 une longue liste de mineurs isol\u00e9s \u00e9trangers qui dorment dans la rue.<\/p>\n<p>Pour ce qui concerne l\u2019ATMF, des militant.e.s ont pris l\u2019engagement de continuer \u00e0 apporter, selon nos moyens, le soutien n\u00e9cessaire \u00e0 ces mineurs pour une protection et une mise \u00e0 l\u2019abri le plus rapidement possible. Nous sommes conscients de la difficult\u00e9 de cette t\u00e2che, mais nous allons nous appuyer sur tous les services et toutes les comp\u00e9tences qui peuvent nous aider.<\/p>\n<p>&nbsp;<\/p>\n<p><strong><em><u>Entretien r\u00e9alis\u00e9 par Malika Charles<\/u><\/em><\/strong><\/p>\n<p>&nbsp;<\/p>\n<p>Paris le 21 juillet 2017<\/p>\n<p>&nbsp;<\/p>\n<p>&nbsp;<\/p>\n<p><strong><em><u>L\u2019 ATMF est une F\u00e9d\u00e9ration de 21 Associations<\/u><\/em><\/strong><em>\u00a0: <\/em><\/p>\n<p><em>ATMF Aix en Provence\u00a0; ATMF Argenteuil\u00a0; Association des Mineurs Marocains du Nord\u00a0; ATMF Bassin Houiller Lorrain\u00a0; ATMF Bagneux\u00a0; ATMF Dijon\u00a0; ATMF Gennevilliers\u00a0; ATMF Le Mans\u00a0; ATMF Montpellier\u00a0; ATMF Nancy\u00a0; ATMF Nantes\u00a0; ATMF Rennes\u00a0; ATMF Reims\u00a0; ATMF Saint Denis\u00a0; ATMF Strasbourg\u00a0; ATMF Sens\u00a0; Calima\u00a0; Compagnie Espace Temps\u00a0; El Ghorba\u00a0; Euro-Maghreb Sans Fronti\u00e8res\u00a0; Moussem Barb\u00e8s.<\/em><\/p>\n<p>&nbsp;<\/p>\n<p><a href=\"http:\/\/www.atmf.org\/wp-content\/uploads\/2017\/07\/Atmf-mineurs-isol\u00e9s-marocains-1.pdf\" rel=\"\">Atmf &#8211; mineurs isol\u00e9s marocains<\/a><\/p>\n","protected":false},"excerpt":{"rendered":"<p>Quartier de la Goutte d\u2019Or\u00a0: l\u2019errance des mineurs isol\u00e9s marocains &nbsp; Entretien avec Driss ElKherchi, pr\u00e9sident de l\u2019ATMF &nbsp; Depuis quelques semaines, des mineurs marocains isol\u00e9s, errant dans le Quartier de la Goutte d\u2019Or, se sont rapproch\u00e9s de l\u2019ATMF. Pour &hellip; <a href=\"https:\/\/www.atmf.org\/?p=6001\">Continue reading <span class=\"meta-nav\">&rarr;<\/span><\/a><\/p>\n","protected":false},"author":1,"featured_media":6002,"comment_status":"closed","ping_status":"closed","sticky":false,"template":"","format":"standard","meta":{"ngg_post_thumbnail":0,"_monsterinsights_skip_tracking":false,"_monsterinsights_sitenote_active":false,"_monsterinsights_sitenote_note":"","_monsterinsights_sitenote_category":0,"footnotes":""},"categories":[1],"tags":[276,275,198],"class_list":["post-6001","post","type-post","status-publish","format-standard","has-post-thumbnail","hentry","category-non-classe","tag-goutte-dor","tag-mineurs-isoles-marocains","tag-paris"],"_links":{"self":[{"href":"https:\/\/www.atmf.org\/index.php?rest_route=\/wp\/v2\/posts\/6001","targetHints":{"allow":["GET"]}}],"collection":[{"href":"https:\/\/www.atmf.org\/index.php?rest_route=\/wp\/v2\/posts"}],"about":[{"href":"https:\/\/www.atmf.org\/index.php?rest_route=\/wp\/v2\/types\/post"}],"author":[{"embeddable":true,"href":"https:\/\/www.atmf.org\/index.php?rest_route=\/wp\/v2\/users\/1"}],"replies":[{"embeddable":true,"href":"https:\/\/www.atmf.org\/index.php?rest_route=%2Fwp%2Fv2%2Fcomments&post=6001"}],"version-history":[{"count":3,"href":"https:\/\/www.atmf.org\/index.php?rest_route=\/wp\/v2\/posts\/6001\/revisions"}],"predecessor-version":[{"id":6007,"href":"https:\/\/www.atmf.org\/index.php?rest_route=\/wp\/v2\/posts\/6001\/revisions\/6007"}],"wp:featuredmedia":[{"embeddable":true,"href":"https:\/\/www.atmf.org\/index.php?rest_route=\/wp\/v2\/media\/6002"}],"wp:attachment":[{"href":"https:\/\/www.atmf.org\/index.php?rest_route=%2Fwp%2Fv2%2Fmedia&parent=6001"}],"wp:term":[{"taxonomy":"category","embeddable":true,"href":"https:\/\/www.atmf.org\/index.php?rest_route=%2Fwp%2Fv2%2Fcategories&post=6001"},{"taxonomy":"post_tag","embeddable":true,"href":"https:\/\/www.atmf.org\/index.php?rest_route=%2Fwp%2Fv2%2Ftags&post=6001"}],"curies":[{"name":"wp","href":"https:\/\/api.w.org\/{rel}","templated":true}]}}