{"id":6058,"date":"2017-09-07T15:42:51","date_gmt":"2017-09-07T13:42:51","guid":{"rendered":"http:\/\/www.atmf.org\/?p=6058"},"modified":"2017-09-07T16:02:59","modified_gmt":"2017-09-07T14:02:59","slug":"missing-at-the-borders-disparus-aux-frontieres-presentation-du-projet-appel-aux-dons","status":"publish","type":"post","link":"https:\/\/www.atmf.org\/?p=6058","title":{"rendered":"Missing at the borders &#8211; disparus aux fronti\u00e8res : pr\u00e9sentation du projet &#038; appel aux dons"},"content":{"rendered":"<h1 style=\"text-align: center;\"><span style=\"color: #ff9900;\"><strong>MISSING AT THE BORDERS<\/strong><\/span><\/h1>\n<p style=\"text-align: center;\"><strong>People not numbers<\/strong><\/p>\n<p style=\"text-align: center;\"><a href=\"http:\/\/www.missingattheborders.org\">www.missingattheborders.org<\/a>\u00a0(site en cours de cr\u00e9ation).<\/p>\n<p style=\"text-align: center;\"><strong>\u00a0<\/strong><strong>DIGNIT\u00c9, VERIT\u00c9 ET JUSTICE pour les migrants morts et disparus aux fronti\u00e8res de l\u2019Europe\u00a0!<\/strong><\/p>\n<p>Ann\u00e9e apr\u00e8s ann\u00e9e, nous assistons au d\u00e9compte macabre des victimes le long des fronti\u00e8res du monde. Seulement dans la M\u00e9diterran\u00e9e, entre la fin des ann\u00e9es 80\u2019 et 2016, plus de 35000 personnes migrantes ont \u00e9t\u00e9 compt\u00e9es comme mortes ou disparues dans la tentative de traverser la mer pour atteindre l&rsquo;Europe<a href=\"#_ftn1\" name=\"_ftnref1\">[1]<\/a>.<\/p>\n<p>Il s&rsquo;agit des victimes des fronti\u00e8res et des murs que les Pays du nord riche \u00e9rigent de plus en plus pour emp\u00eacher la mobilit\u00e9 humaine. Il s&rsquo;agit des victimes des politiques migratoires qui ne permettent pas que la migration soit un droit \u00e0 la port\u00e9e de toutes et tous, comme le sanctionnerait pourtant l&rsquo;art.13 de la D\u00e9claration universelle des droits de l&rsquo;homme. Ces personnes sont mortes ou disparues pour avoir tent\u00e9 de saisir le droit de traverser les fronti\u00e8res qu\u2019on leur nie en leur refusant le droit d\u2019avoir un visa pour voyager dignement.<\/p>\n<p>Ces victimes que les media et la politique transforment en objets sont des PERSONNES.<\/p>\n<p>DES PERSONNES avec un pr\u00e9nom, un nom de famille, une histoire, une motivation qui les a amen\u00e9s \u00e0 quitter leur propre terre et \u00e0 chercher ailleurs la paix, un travail, un futur.<\/p>\n<p>DES PERSONNES derri\u00e8re lesquelles il y a des FAMILLES, car chacune d&rsquo;entre elles a une m\u00e8re, un p\u00e8re, une femme, un mari, des fr\u00e8res et des s\u0153urs, des proches.<\/p>\n<p>DES FAMILLES qui vivent dans l&rsquo;angoisse de la disparition de leurs proches, parfois arriv\u00e9s en Europe et puis disparus sans laisser de traces.<\/p>\n<p>DES FAMILLES qui ont des indices qui disent que leur proches ont \u00e9t\u00e9s victimes de disparitions forc\u00e9es, en ayant \u00e9t\u00e9s enferm\u00e9s ill\u00e9galement dans une des centaines de prisons pour migrants qu&rsquo;on construit dans les Pays du sud de la M\u00e9diterran\u00e9e avec l&rsquo;aval politique et le soutien \u00e9conomique europ\u00e9en.<\/p>\n<p>DES FAMILLES oblig\u00e9s de payer des \u00e9normes sommes d&rsquo;argent pour lib\u00e9rer leurs proches des tortures auxquelles les soumettent les bourreaux de la traite des \u00eatres humains.<\/p>\n<p>DES FAMILLES qui ont la quasi-certitude de la mort de leurs proches, mais restent hant\u00e9es par l\u2019ignorance de leur sort, par l\u2019absence du corps aim\u00e9 qui ne leur a jamais \u00e9t\u00e9 restitu\u00e9. Sans conna\u00eetre leur sort, sans pouvoir leur offrir une s\u00e9pulture digne, le deuil leur est impossible.<\/p>\n<p>DES FAMILLES qui ont demand\u00e9 que la justice condamne les agents militaires et de police qui ont la responsabilit\u00e9 mat\u00e9rielle de la mort de leurs proches, et qui on vu au contraire les cas class\u00e9s.<\/p>\n<p>DES FAMILLES qui pourtant ont d\u00e9cid\u00e9 de ne pas consid\u00e9rer la disparition ou la mort de leurs proches comme une fatalit\u00e9.<\/p>\n<p>DES FAMILLES qui exigent des r\u00e9ponses de la part de ceux qui n\u2019arr\u00eatent pas de construire des murs et qui agissent avec toujours plus de violence le long des fronti\u00e8res.<\/p>\n<p>DES FAMILLES qui accusent ceux qui, n&rsquo;accordant pas des possibilit\u00e9s d&rsquo;entr\u00e9e r\u00e9guli\u00e8res, obligent les personnes \u00e0 risquer leur vie pour arriver \u00e0 destination.<\/p>\n<p>DES FAMILLES qui exigent que l&rsquo;Europe et les Pays du Sud du monde complices dans le contr\u00f4le des fronti\u00e8res externalis\u00e9es r\u00e9pondent des milliers de morts et disparus le long des routes migratoires.<\/p>\n<p>DES FAMILLES qui ont d\u00e9cid\u00e9 de ne pas rester en silence, mais d&rsquo;exiger DIGNIT\u00c9, VERIT\u00c9 ET JUSTICE!<\/p>\n<p>Pour cette raison les activistes des associations des deux rives de la mer M\u00e9diterran\u00e9e, avec les familles des personnes migrantes mortes ou disparues en tentant de rejoindre l&rsquo;Europe, ont d\u00e9cid\u00e9 de cr\u00e9er cette plateforme en ligne \u00e0 fin de raconter l&rsquo;histoire de ces migrants disparus et faire entendre les voix et les demandes de dignit\u00e9, de v\u00e9rit\u00e9 et de justice de leurs familles.<\/p>\n<p><a href=\"#_ftnref1\" name=\"_ftn1\">[1]<\/a> OIM &#8211; <a href=\"http:\/\/gmdac.iom.int\/map-tracking-migrant-deaths-and-disappearances\">http:\/\/gmdac.iom.int\/map-tracking-migrant-deaths-and-disappearances<\/a><\/p>\n<p><strong>MISSING AT THE BORDERS <\/strong><\/p>\n<p><strong>Est un projet qui veut faire entendre les familles, pour qu&rsquo;elles restituent une visibilit\u00e9 aux disparus. La page web accueillera les t\u00e9moignages vid\u00e9o des proches pour donner une identit\u00e9 concr\u00e8te aux migrants et pour r\u00e9pandre la demande de v\u00e9rit\u00e9 et justice de leurs proches.<\/strong><\/p>\n<p><strong>MISSING AT THE BORDERS<\/strong><strong> est un projet \u00e0 l&rsquo;initiative de\u00a0:<\/strong><\/p>\n<p><img loading=\"lazy\" decoding=\"async\" class=\"aligncenter wp-image-6068\" src=\"http:\/\/www.atmf.org\/wp-content\/uploads\/2017\/09\/Atmf-logo.png\" alt=\"Atmf logo\" width=\"628\" height=\"90\" data-wp-pid=\"6068\" srcset=\"https:\/\/www.atmf.org\/wp-content\/uploads\/2017\/09\/Atmf-logo.png 628w, https:\/\/www.atmf.org\/wp-content\/uploads\/2017\/09\/Atmf-logo-300x43.png 300w\" sizes=\"auto, (max-width: 628px) 100vw, 628px\" \/><\/p>\n<p style=\"text-align: center;\"><strong>Association des Travailleurs Maghr\u00e9bins de France &#8211;\u00a0http:\/\/www.atmf.org\/<\/strong><\/p>\n<p><strong><img loading=\"lazy\" decoding=\"async\" class=\"aligncenter wp-image-6069\" src=\"http:\/\/www.atmf.org\/wp-content\/uploads\/2017\/09\/milan-senza-frontiere.png\" alt=\"milan senza frontiere\" width=\"300\" height=\"392\" data-wp-pid=\"6069\" srcset=\"https:\/\/www.atmf.org\/wp-content\/uploads\/2017\/09\/milan-senza-frontiere.png 276w, https:\/\/www.atmf.org\/wp-content\/uploads\/2017\/09\/milan-senza-frontiere-229x300.png 229w\" sizes=\"auto, (max-width: 300px) 100vw, 300px\" \/><\/strong><\/p>\n<p style=\"text-align: center;\"><strong>Milano sans Fronti\u00e8res &#8211;\u00a0<a href=\"https:\/\/www.facebook.com\/milanosenzafrontiere\/\">https:\/\/www.facebook.com\/milanosenzafrontiere\/<\/a> &#8211; milanosenzafrontiere@gmail.com<\/strong><\/p>\n<p><img loading=\"lazy\" decoding=\"async\" class=\"aligncenter wp-image-6071 size-medium\" src=\"http:\/\/www.atmf.org\/wp-content\/uploads\/2017\/09\/Palermo-Senza-Frontiere-LOGO-300x142.jpg\" alt=\"Palermo Senza Frontiere LOGO\" width=\"300\" height=\"142\" data-wp-pid=\"6071\" srcset=\"https:\/\/www.atmf.org\/wp-content\/uploads\/2017\/09\/Palermo-Senza-Frontiere-LOGO-300x142.jpg 300w, https:\/\/www.atmf.org\/wp-content\/uploads\/2017\/09\/Palermo-Senza-Frontiere-LOGO.jpg 618w\" sizes=\"auto, (max-width: 300px) 100vw, 300px\" \/><\/p>\n<p style=\"text-align: center;\"><strong> Palermo sans Fronti\u00e8res\u00a0: <a href=\"https:\/\/www.facebook.com\/Palermo-Senza-Frontiere-235340943334907\/\">https:\/\/www.facebook.com\/Palermo-Senza-Frontiere-235340943334907\/<\/a><\/strong><\/p>\n<p style=\"text-align: center;\"><strong><img loading=\"lazy\" decoding=\"async\" class=\"aligncenter wp-image-6072\" src=\"http:\/\/www.atmf.org\/wp-content\/uploads\/2017\/09\/cropped-como-senza-frontiere-banner-300x63.png\" alt=\"cropped-como-senza-frontiere-banner\" width=\"300\" height=\"63\" data-wp-pid=\"6072\" srcset=\"https:\/\/www.atmf.org\/wp-content\/uploads\/2017\/09\/cropped-como-senza-frontiere-banner-300x63.png 300w, https:\/\/www.atmf.org\/wp-content\/uploads\/2017\/09\/cropped-como-senza-frontiere-banner-768x162.png 768w, https:\/\/www.atmf.org\/wp-content\/uploads\/2017\/09\/cropped-como-senza-frontiere-banner-800x169.png 800w, https:\/\/www.atmf.org\/wp-content\/uploads\/2017\/09\/cropped-como-senza-frontiere-banner.png 940w\" sizes=\"auto, (max-width: 300px) 100vw, 300px\" \/>Como sans Fronti\u00e8res\u00a0: <a href=\"https:\/\/comosenzafrontiere.wordpress.com\/\">https:\/\/comosenzafrontiere.wordpress.com\/<\/a><\/strong><\/p>\n<p><img loading=\"lazy\" decoding=\"async\" class=\"aligncenter wp-image-6073\" src=\"http:\/\/www.atmf.org\/wp-content\/uploads\/2017\/09\/carovane-migranti-logo.png\" alt=\"carovane migranti logo\" width=\"300\" height=\"300\" data-wp-pid=\"6073\" srcset=\"https:\/\/www.atmf.org\/wp-content\/uploads\/2017\/09\/carovane-migranti-logo.png 340w, https:\/\/www.atmf.org\/wp-content\/uploads\/2017\/09\/carovane-migranti-logo-150x150.png 150w, https:\/\/www.atmf.org\/wp-content\/uploads\/2017\/09\/carovane-migranti-logo-300x300.png 300w\" sizes=\"auto, (max-width: 300px) 100vw, 300px\" \/><\/p>\n<p style=\"text-align: center;\"><strong>Carovane Migranti :\u00a0<a href=\"http:\/\/www.carovanemigranti.org\/\">http:\/\/www.carovanemigranti.org\/<\/a><\/strong><\/p>\n<p style=\"text-align: center;\"><strong><img loading=\"lazy\" decoding=\"async\" class=\"aligncenter wp-image-6075 size-medium\" src=\"http:\/\/www.atmf.org\/wp-content\/uploads\/2017\/09\/AP-nr-670-300x201.jpg\" alt=\"AP-nr-670\" width=\"300\" height=\"201\" data-wp-pid=\"6075\" srcset=\"https:\/\/www.atmf.org\/wp-content\/uploads\/2017\/09\/AP-nr-670-300x201.jpg 300w, https:\/\/www.atmf.org\/wp-content\/uploads\/2017\/09\/AP-nr-670.jpg 670w\" sizes=\"auto, (max-width: 300px) 100vw, 300px\" \/> Alarm Phone : <a href=\"https:\/\/alarmphone.org\/fr\/\">https:\/\/alarmphone.org\/fr\/<\/a><br \/>\n<\/strong><\/p>\n<p><img loading=\"lazy\" decoding=\"async\" class=\"aligncenter wp-image-6074 size-medium\" src=\"http:\/\/www.atmf.org\/wp-content\/uploads\/2017\/09\/wtm-logo-300x300.png\" alt=\"wtm-logo\" width=\"300\" height=\"300\" data-wp-pid=\"6074\" srcset=\"https:\/\/www.atmf.org\/wp-content\/uploads\/2017\/09\/wtm-logo-300x300.png 300w, https:\/\/www.atmf.org\/wp-content\/uploads\/2017\/09\/wtm-logo-150x150.png 150w, https:\/\/www.atmf.org\/wp-content\/uploads\/2017\/09\/wtm-logo.png 564w\" sizes=\"auto, (max-width: 300px) 100vw, 300px\" \/><\/p>\n<p style=\"text-align: center;\"><strong> Watch The Med\u00a0: <a href=\"http:\/\/watchthemed.net\/\">http:\/\/watchthemed.net\/<\/a><\/strong><\/p>\n<p>&nbsp;<\/p>\n<p>&nbsp;<\/p>\n<p style=\"text-align: center;\"><a href=\"http:\/\/www.missingattheborders.org\">www.missingattheborders.org<\/a><a href=\"mailto:france@missingattheborders.org\">\u00a0\u00a0 \u00a0\u00a0<\/a><a href=\"mailto:france@missingattheborders.org\">&#8211; \u00a0 \u00a0<\/a><a href=\"mailto:france@missingattheborders.org\">france@missingattheborders.org<\/a><a href=\"mailto:france@missingattheborders.org\">\u00a0\u00a0 \u00a0\u00a0<\/a><a href=\"mailto:france@missingattheborders.org\">&#8211; \u00a0 \u00a0 i<\/a>talia<a href=\"mailto:france@missingattheborders.org\">@missingattheborders.org<\/a><\/p>\n<p>&nbsp;<\/p>\n<p><img loading=\"lazy\" decoding=\"async\" class=\"aligncenter size-full wp-image-6066\" src=\"http:\/\/www.atmf.org\/wp-content\/uploads\/2017\/09\/MissingLogo.png\" alt=\"MissingLogo\" width=\"935\" height=\"237\" data-wp-pid=\"6066\" srcset=\"https:\/\/www.atmf.org\/wp-content\/uploads\/2017\/09\/MissingLogo.png 935w, https:\/\/www.atmf.org\/wp-content\/uploads\/2017\/09\/MissingLogo-300x76.png 300w, https:\/\/www.atmf.org\/wp-content\/uploads\/2017\/09\/MissingLogo-768x195.png 768w\" sizes=\"auto, (max-width: 935px) 100vw, 935px\" \/><\/p>\n<p>&nbsp;<\/p>\n<p>Les introductions en diff\u00e9rentes langues :<\/p>\n<p>Fran\u00e7ais :\u00a0<a href=\"http:\/\/www.atmf.org\/wp-content\/uploads\/2017\/09\/Missing-at-the-borders-INTRO-FR.pdf\" rel=\"\">Missing at the borders &#8211; INTRO FR<\/a><\/p>\n<p>Allemand :\u00a0<a href=\"http:\/\/www.atmf.org\/wp-content\/uploads\/2017\/09\/Deucht-introduction.pdf\" rel=\"\">Deucht introduction<\/a><\/p>\n<p>Anglais :\u00a0<a href=\"http:\/\/www.atmf.org\/wp-content\/uploads\/2017\/09\/INTRO-WEB-ENGLISH-DEFINITIVE.pdf\" rel=\"\">INTRO WEB ENGLISH DEFINITIVE<\/a><\/p>\n<p>Italien :\u00a0<a href=\"http:\/\/www.atmf.org\/wp-content\/uploads\/2017\/09\/INTRO-WEB-ITALIANO-DEFINITIVE.pdf\" rel=\"\">INTRO WEB ITALIANO DEFINITIVE<\/a><\/p>\n<p>Espagnol :\u00a0<a href=\"http:\/\/www.atmf.org\/wp-content\/uploads\/2017\/09\/INTRO-WEB-espagnol-DEFINITIVE.pdf\" rel=\"\">INTRO WEB espagnol DEFINITIVE<\/a><\/p>\n<p>Arabe :\u00a0<a href=\"http:\/\/www.atmf.org\/wp-content\/uploads\/2017\/09\/\u0645\u0641\u0642\u0648\u062f\u0648\u0646-\u0639\u0644\u0649-\u0627\u0644\u062d\u062f\u0648\u062f-\u0623\u064f\u0646\u0627\u0633-\u0644\u0627-\u0623\u0631\u0642\u0627\u0645..pdf\" rel=\"\">\u0645\u0641\u0642\u0648\u062f\u0648\u0646 \u0639\u0644\u0649 \u0627\u0644\u062d\u062f\u0648\u062f -\u0623\u064f\u0646\u0627\u0633 \u0644\u0627 \u0623\u0631\u0642\u0627\u0645.<\/a><\/p>\n<p>&nbsp;<\/p>\n<h1 style=\"text-align: center;\"><span style=\"text-decoration: underline; color: #ff6600;\"><strong>APPEL AUX DONS<\/strong><\/span><\/h1>\n<p>&nbsp;<\/p>\n<p>MISSING AT THE BORDERS est un projet autofinanc\u00e9<br \/>\nPour le soutenir, vous pouvez faire un don en utilisant les coordonn\u00e9es bancaires\u00a0ci dessous :<br \/>\nIBAN : FR76 10278 06039 00021292941 23 \u2013 BIC CMCIFR2A<br \/>\nBanque : Cr\u00e9dit Mutuel<br \/>\nLibell\u00e9 : Projet MISSING AT THE BORDERS<br \/>\nTitulaire du compte : ATMF<br \/>\nLes ch\u00e8que sont \u00e0 \u00e9tablir \u00e0 l&rsquo;ordre de l&rsquo;ATMF et \u00e0 adresser au 10 rue Affre &#8211; 75018 Paris<\/p>\n<p>&nbsp;<\/p>\n<p><img loading=\"lazy\" decoding=\"async\" class=\"aligncenter size-full wp-image-6067\" src=\"http:\/\/www.atmf.org\/wp-content\/uploads\/2017\/09\/Missing-appel-\u00e0-dons.jpg\" alt=\"Missing - appel \u00e0 dons\" width=\"794\" height=\"1123\" data-wp-pid=\"6067\" srcset=\"https:\/\/www.atmf.org\/wp-content\/uploads\/2017\/09\/Missing-appel-\u00e0-dons.jpg 794w, https:\/\/www.atmf.org\/wp-content\/uploads\/2017\/09\/Missing-appel-\u00e0-dons-212x300.jpg 212w, https:\/\/www.atmf.org\/wp-content\/uploads\/2017\/09\/Missing-appel-\u00e0-dons-768x1086.jpg 768w, https:\/\/www.atmf.org\/wp-content\/uploads\/2017\/09\/Missing-appel-\u00e0-dons-724x1024.jpg 724w\" sizes=\"auto, (max-width: 794px) 100vw, 794px\" \/><\/p>\n<p>&nbsp;<\/p>\n<p>&nbsp;<\/p>\n","protected":false},"excerpt":{"rendered":"<p>MISSING AT THE BORDERS People not numbers www.missingattheborders.org\u00a0(site en cours de cr\u00e9ation). \u00a0DIGNIT\u00c9, VERIT\u00c9 ET JUSTICE pour les migrants morts et disparus aux fronti\u00e8res de l\u2019Europe\u00a0! Ann\u00e9e apr\u00e8s ann\u00e9e, nous assistons au d\u00e9compte macabre des victimes le long des fronti\u00e8res &hellip; <a href=\"https:\/\/www.atmf.org\/?p=6058\">Continue reading <span class=\"meta-nav\">&rarr;<\/span><\/a><\/p>\n","protected":false},"author":1,"featured_media":6059,"comment_status":"closed","ping_status":"closed","sticky":false,"template":"","format":"standard","meta":{"ngg_post_thumbnail":0,"_monsterinsights_skip_tracking":false,"_monsterinsights_sitenote_active":false,"_monsterinsights_sitenote_note":"","_monsterinsights_sitenote_category":0,"footnotes":""},"categories":[47],"tags":[286,280,281,283,284,288,285,287,230,282],"class_list":["post-6058","post","type-post","status-publish","format-standard","has-post-thumbnail","hentry","category-migrants-sans-frontieres","tag-afrique","tag-article-13","tag-disparus-aux-frontieres","tag-europe","tag-france","tag-frontieres-externalisees","tag-italie","tag-maghreb","tag-mediterranee","tag-missing-at-the-borders"],"_links":{"self":[{"href":"https:\/\/www.atmf.org\/index.php?rest_route=\/wp\/v2\/posts\/6058","targetHints":{"allow":["GET"]}}],"collection":[{"href":"https:\/\/www.atmf.org\/index.php?rest_route=\/wp\/v2\/posts"}],"about":[{"href":"https:\/\/www.atmf.org\/index.php?rest_route=\/wp\/v2\/types\/post"}],"author":[{"embeddable":true,"href":"https:\/\/www.atmf.org\/index.php?rest_route=\/wp\/v2\/users\/1"}],"replies":[{"embeddable":true,"href":"https:\/\/www.atmf.org\/index.php?rest_route=%2Fwp%2Fv2%2Fcomments&post=6058"}],"version-history":[{"count":6,"href":"https:\/\/www.atmf.org\/index.php?rest_route=\/wp\/v2\/posts\/6058\/revisions"}],"predecessor-version":[{"id":6080,"href":"https:\/\/www.atmf.org\/index.php?rest_route=\/wp\/v2\/posts\/6058\/revisions\/6080"}],"wp:featuredmedia":[{"embeddable":true,"href":"https:\/\/www.atmf.org\/index.php?rest_route=\/wp\/v2\/media\/6059"}],"wp:attachment":[{"href":"https:\/\/www.atmf.org\/index.php?rest_route=%2Fwp%2Fv2%2Fmedia&parent=6058"}],"wp:term":[{"taxonomy":"category","embeddable":true,"href":"https:\/\/www.atmf.org\/index.php?rest_route=%2Fwp%2Fv2%2Fcategories&post=6058"},{"taxonomy":"post_tag","embeddable":true,"href":"https:\/\/www.atmf.org\/index.php?rest_route=%2Fwp%2Fv2%2Ftags&post=6058"}],"curies":[{"name":"wp","href":"https:\/\/api.w.org\/{rel}","templated":true}]}}