{"id":6261,"date":"2017-10-27T15:37:18","date_gmt":"2017-10-27T13:37:18","guid":{"rendered":"http:\/\/www.atmf.org\/?p=6261"},"modified":"2017-10-27T15:48:58","modified_gmt":"2017-10-27T13:48:58","slug":"rif-stop-a-la-repression-et-a-limpunite","status":"publish","type":"post","link":"https:\/\/www.atmf.org\/?p=6261","title":{"rendered":"RIF : STOP \u00c0 LA R\u00c9PR\u00c9SSION ET \u00c0 L\u2019IMPUNIT\u00c9"},"content":{"rendered":"<p>Nous saluons avec respect la m\u00e9moire de Mohsen Fikri, assassin\u00e9 le 28 octobre 2016, broy\u00e9 dans une benne \u00e0 ordures, sur ordre d\u2019agents de la police, \u00e0 Al Hoceima, dans le nord du Maroc.<\/p>\n<p>Le meurtre a d\u00e9clench\u00e9 la r\u00e9volte l\u00e9gitime du \u00ab\u00a0Hirak populaire du Rif\u00a0\u00bb, qui n\u2019a pas cess\u00e9 de se mobiliser jusqu\u2019\u00e0 ce jour contre la \u00ab\u00a0hogra\u00a0\u00bb et pour la dignit\u00e9, dans toute la r\u00e9gion. Les forces de l\u2019ordre qui ont r\u00e9prim\u00e9 les manifestations populaires du 20 juillet 2017, ont fait \u00e0 leur tour deux autres martyrs, Imad El Attabi et Abdelhafid El Haddad.<\/p>\n<h1><strong>Nous n\u2019oublions pas.<\/strong><\/h1>\n<p>L\u2019ATMF et ses associations membres s\u2019associent \u00e0 toutes les initiatives pour comm\u00e9morer la m\u00e9moire de Mohsen Fikri et toutes les victimes de la r\u00e9pression au Maroc.<\/p>\n<p>Nous exigeons\u00a0:<\/p>\n<ul>\n<li>La v\u00e9rit\u00e9 sur les circonstances de l\u2019assassinat de nos martyrs (Mohcine Fikri, Imad El Attabi, Abdelhafid El Haddad) et punir les v\u00e9ritables responsables de ces crimes<\/li>\n<li>La lib\u00e9ration imm\u00e9diate et sans condition des d\u00e9tenus politiques du mouvement populaire dans le Rif et dans toutes les autres villes et ainsi de lever l\u2019injustice subie par les familles des victimes<\/li>\n<li>La lev\u00e9e de la militarisation du Rif ainsi que la satisfaction l\u00e9gitime des revendications du Hirak.<\/li>\n<\/ul>\n<p>Nous <a href=\"http:\/\/www.jeuneafrique.com\/459785\/politique\/maroc-rsf-denonce-entraves-travail-journalistes-rif\/\">d\u00e9non\u00e7ons les entraves au travail des journalistes dans le Rif<\/a> et exigeons la lib\u00e9ration des journalistes emprisonn\u00e9s.<\/p>\n<p style=\"text-align: right;\">Le Bureau National de l\u2019ATMF<\/p>\n<p style=\"text-align: right;\">Paris, le 27 octobre 2017<\/p>\n<p>&nbsp;<\/p>\n<p><strong><u>&#8212;&#8212;&#8212;&#8212;&#8212;&#8212;&#8212;&#8212;&#8212;&#8212;&#8212;&#8212;&#8212;&#8212;&#8212;&#8212;&#8212;&#8212;&#8212;&#8212;&#8212;&#8212;&#8212;&#8212;&#8212;&#8212;&#8212;&#8212;&#8212;&#8212;&#8212;&#8212;&#8212;&#8212;&#8212;&#8212;&#8212;&#8212;&#8211;<\/u><\/strong><\/p>\n<p><strong><em><u>L\u2019 ATMF est une F\u00e9d\u00e9ration de 20 associations<\/u><\/em><\/strong><em>\u00a0: <\/em><\/p>\n<p><em>ATMF Aix en Provence\u00a0; ATMF Argenteuil\u00a0; Association des Mineurs Marocains du Nord\u00a0; ATMF Bassin Houiller Lorrain\u00a0; ATMF Bagneux\u00a0; ATMF Dijon\u00a0; ATMF Gennevilliers\u00a0; ATMF Le Mans\u00a0; ATMF Montpellier\u00a0; ATMF Nancy\u00a0; ATMF Nantes\u00a0; ATMF Rennes\u00a0; ATMF Reims\u00a0; ATMF Saint Denis\u00a0; ATMF Strasbourg\u00a0; ATMF Sens\u00a0; Compagnie Espace Temps\u00a0; El Ghorba\u00a0; Euro-Maghreb Sans Fronti\u00e8res\u00a0; Moussem Barb\u00e8s.<\/em><\/p>\n","protected":false},"excerpt":{"rendered":"<p>Nous saluons avec respect la m\u00e9moire de Mohsen Fikri, assassin\u00e9 le 28 octobre 2016, broy\u00e9 dans une benne \u00e0 ordures, sur ordre d\u2019agents de la police, \u00e0 Al Hoceima, dans le nord du Maroc. Le meurtre a d\u00e9clench\u00e9 la r\u00e9volte &hellip; <a href=\"https:\/\/www.atmf.org\/?p=6261\">Continue reading <span class=\"meta-nav\">&rarr;<\/span><\/a><\/p>\n","protected":false},"author":1,"featured_media":0,"comment_status":"closed","ping_status":"closed","sticky":false,"template":"","format":"standard","meta":{"ngg_post_thumbnail":0,"_monsterinsights_skip_tracking":false,"_monsterinsights_sitenote_active":false,"_monsterinsights_sitenote_note":"","_monsterinsights_sitenote_category":0,"footnotes":""},"categories":[82,274],"tags":[262,126,260,127,261],"class_list":["post-6261","post","type-post","status-publish","format-standard","hentry","category-communiques","category-hirak-du-rif","tag-al-hoceima","tag-maroc","tag-mohsen-fikri","tag-repression","tag-rif"],"_links":{"self":[{"href":"https:\/\/www.atmf.org\/index.php?rest_route=\/wp\/v2\/posts\/6261","targetHints":{"allow":["GET"]}}],"collection":[{"href":"https:\/\/www.atmf.org\/index.php?rest_route=\/wp\/v2\/posts"}],"about":[{"href":"https:\/\/www.atmf.org\/index.php?rest_route=\/wp\/v2\/types\/post"}],"author":[{"embeddable":true,"href":"https:\/\/www.atmf.org\/index.php?rest_route=\/wp\/v2\/users\/1"}],"replies":[{"embeddable":true,"href":"https:\/\/www.atmf.org\/index.php?rest_route=%2Fwp%2Fv2%2Fcomments&post=6261"}],"version-history":[{"count":5,"href":"https:\/\/www.atmf.org\/index.php?rest_route=\/wp\/v2\/posts\/6261\/revisions"}],"predecessor-version":[{"id":6271,"href":"https:\/\/www.atmf.org\/index.php?rest_route=\/wp\/v2\/posts\/6261\/revisions\/6271"}],"wp:attachment":[{"href":"https:\/\/www.atmf.org\/index.php?rest_route=%2Fwp%2Fv2%2Fmedia&parent=6261"}],"wp:term":[{"taxonomy":"category","embeddable":true,"href":"https:\/\/www.atmf.org\/index.php?rest_route=%2Fwp%2Fv2%2Fcategories&post=6261"},{"taxonomy":"post_tag","embeddable":true,"href":"https:\/\/www.atmf.org\/index.php?rest_route=%2Fwp%2Fv2%2Ftags&post=6261"}],"curies":[{"name":"wp","href":"https:\/\/api.w.org\/{rel}","templated":true}]}}