{"id":6778,"date":"2018-12-18T22:30:45","date_gmt":"2018-12-18T21:30:45","guid":{"rendered":"http:\/\/www.atmf.org\/?p=6778"},"modified":"2019-01-10T16:39:29","modified_gmt":"2019-01-10T15:39:29","slug":"journee-internationale-des-migrants-liberte-et-egalite-des-droits","status":"publish","type":"post","link":"https:\/\/www.atmf.org\/?p=6778","title":{"rendered":"Journ\u00e9e internationale des migrants Libert\u00e9 et \u00c9galit\u00e9 des droits\u00a0!\u00a0"},"content":{"rendered":"<p class=\"x_surtitre\" align=\"center\"><span class=\"x_collectif\"><big><span style=\"font-family: Times New Roman, Times, serif;\"><i>Action collective<\/i><\/span><\/big><\/span><\/p>\n<h3 class=\"x_surtitre\" align=\"center\"><span style=\"font-family: Helvetica, Arial,        sans-serif;\"><big><span style=\"color: #ff0000;\"><br \/>\nManifestation \u00e0 Paris ce 18 d\u00e9cembre 2018 d\u00e8s 18h<\/span><\/big><\/span><\/h3>\n<div align=\"center\"><\/div>\n<div class=\"x_texte\">\n<p class=\"x_spip\"><span style=\"font-family: Helvetica, Arial, sans-serif;\">Nous, Collectifs de Sans-papiers et MigrantEs, Syndicats, Associations et Marche des Solidarit\u00e9s appelons \u00e0 des manifestations et rassemblements dans tout le pays le 18 d\u00e9cembre \u00e0 l\u2019occasion de la Journ\u00e9e Internationale des MigrantEs.<\/span><\/p>\n<p class=\"x_spip\"><span style=\"font-family: Helvetica, Arial, sans-serif;\">Nous marcherons toutes et tous ensemble, contre la mont\u00e9e des nationalismes, des racismes et des fascismes qui s\u2019\u00e9tendent sur l\u2019Europe et le monde.<\/span><\/p>\n<p class=\"x_spip\"><span style=\"font-family: Helvetica, Arial, sans-serif;\">Nous marcherons aux flambeaux en m\u00e9moire des dizaines de milliers de femmes, hommes et enfants mortEs sur les routes de la migration victimes des fronti\u00e8res et des politiques anti-migratoires des gouvernements des pays les plus riches de la plan\u00e8te et de leurs complices.<\/span><\/p>\n<p class=\"x_spip\"><span style=\"font-family: Helvetica, Arial, sans-serif;\">Nous marcherons pour en finir avec ces mortEs, pour la libert\u00e9 de circulation et la fermeture des centres de r\u00e9tention.<\/span><\/p>\n<p class=\"x_spip\"><span style=\"font-family: Helvetica, Arial, sans-serif;\">Nous marcherons contre l\u2019id\u00e9e que l\u2019immigration cr\u00e9e du dumping social, pour la r\u00e9gularisation des sans-papiers et pour l\u2019\u00e9galit\u00e9 des droits.<\/span><\/p>\n<p class=\"x_spip\"><span style=\"font-family: Helvetica, Arial, sans-serif;\">Nous marcherons pour la ratification par la France de la \u00ab\u00a0<i>convention internationale sur la protection des droits de tous les travailleurs migrants et des membres de leur famille<\/i>\u00a0\u00bb adopt\u00e9e par l\u2019ONU le 18 d\u00e9cembre 1990 et qui vise \u00e0 garantir l\u2019\u00e9galit\u00e9 de traitement entre travailleurs fran\u00e7ais et immigr\u00e9s.<\/span><\/p>\n<p class=\"x_spip\"><span style=\"font-family: Helvetica, Arial, sans-serif;\">C\u2019est la pr\u00e9carisation g\u00e9n\u00e9rale, la remise en cause des acquis sociaux par les politiques d\u2019aust\u00e9rit\u00e9 men\u00e9es par nos gouvernants qui nourrissent les sentiments de mal-\u00eatre et de repli sur soi dans la population. C\u2019est en luttant ensemble que nous pourrons nous battre efficacement pour une soci\u00e9t\u00e9 meilleure et \u00e9galitaire.<\/span><\/p>\n<div class=\"x_spip x_spip-block-center\"><span style=\"font-family: Helvetica, Arial, sans-serif;\"><span class=\"x_spip_document_7682 x_spip_documents x_spip_documents_center\"><a class=\"x_spip_in\" href=\"https:\/\/www.gisti.org\/IMG\/pdf\/manif_2018-12-18_affiche.pdf\" target=\"_blank\" rel=\"noopener noreferrer\"><img loading=\"lazy\" decoding=\"async\" class=\"aligncenter\" src=\"https:\/\/www.gisti.org\/IMG\/png\/manif_2018-12-18_affiche.png\" alt=\"\" width=\"356\" height=\"493\" \/><\/a><\/span><\/span><\/div>\n<hr class=\"x_spip\" \/>\n<p class=\"x_spip\"><span style=\"font-family: Helvetica, Arial,          sans-serif;\">Trajet \/ parcours\u00a0: Pl. R\u00e9publique \u2192 Bd Magenta \u2192 Bd de Strasbourg \u2192 Gare de l\u2019Est \u2192 Gare du Nord<\/span><\/p>\n<p class=\"x_spip\"><span style=\"font-family: Helvetica, Arial,          sans-serif;\">En fin de manifestation \u00e0 Gare du Nord il y aura une prise de parole d\u00e9cid\u00e9e par les collectifs de sans-papiers.<\/span><\/p>\n<p class=\"x_spip\"><span style=\"font-family: Helvetica, Arial,          sans-serif;\">Rendez-vous particuliers\u00a0:<\/span><\/p>\n<ul>\n<li>17h00\u00a0: d\u00e9part collectif du M\u00e9tro Mairie de Montreuil<\/li>\n<\/ul>\n<ul class=\"x_spip\">\n<li><span style=\"font-family: Helvetica, Arial, sans-serif;\">17h00\u00a0: d\u00e9part collectif du RER Ardoines \u00e0 Ivry<\/span><\/li>\n<\/ul>\n<hr class=\"x_spip\" \/>\n<p class=\"x_spip\"><span style=\"font-family: Helvetica, Arial, sans-serif;\"><strong>Signataires\u00a0:<\/strong><\/span><\/p>\n<p class=\"x_spip\">CESP Paris1, CISPM, CSP 17-St Just, CSP59, CSP75, CSP92, CSP93, CSP95, CSP Paris 20, Collectif Schaeffer Aubervilliers, CTSP Vitry, Droits Devant\u00a0!!, Int\u00e9gration 21, CGT, CNT, CNT-SO, Emancipation tendance intersyndicale, FSU, SAF, Syndicat de la Magistrature, Syndicat de la M\u00e9decine G\u00e9n\u00e9rale, UEKF, UNEF Paris1, Union syndicale Solidaires, 100 pour 1 Vienne, Accueil de merde, Accueil des r\u00e9fugi\u00e9s dans le Cap, Act For Ref, ActUp-Paris, AC\u00a0!, Ah Bienvenus Clandestins\u00a0!, Alternatives et Autogestion 06, AIDES, Artisans du monde 06, Asil accueil 88, Assembl\u00e9e des bless\u00e9-e-s, Association Bread and Roses, Association \u00ab\u00a0Chemins Pluriels\u00a0\u00bb, ACORT, ACTIT, Association coll\u00e9giale l\u2019Aubi\u00e8re (35), ADN, ADTF, AFAPREDESA, AFD International, AFJD, AID, ALIFSI, AMDH-Paris \/IDF, AMF, AIDDA, Association Jarez Solidarit\u00e9s, Association Kolone, Anaf\u00e9, Amnesty international Nimes, Association Pour la Paix en Syrie, APICED, ASEFRR, ASIAD, Association Stop Pr\u00e9carit\u00e9, ATF, ATMF, ATTAC, Association Unjourlapaix, Auber sans la peur, Autremonde, Bagag\u00e9rue, Centre d\u2019Information Inter-Peuples, CRID, Cercle de silence d\u2019Hazebrouck, Cercle Louis Guilloux, CIMADE, Citoyens solidaires 06, Collectif 20eme Solidaire avec tou.te.s les migrant.e.s, Collectif Accueil Migrants Valfleury, CAPJPO-EuroPalestine, Collectif aide aux r\u00e9fugi\u00e9s d\u2019Epone et alentours, Collectif 3 C, Collectif Chabatz d\u2019Entrar, Collectif citoyen Bevera, Collectif Faty Koumba, Collectif Fontenay diversit\u00e9, Collectif inter-associatif du Livre Noir de St Denis, Collectif Justice &amp; Libert\u00e9s 67, Collectif Justice et V\u00e9rit\u00e9 pour Babacar, CIVCR 94, Collectif JUJIE, Collectif Les Voisins Solidaires de Versailles, Collectif Loire \u00ab\u00a0Pour que personne ne dorme \u00e0 la rue\u00a0\u00bb, Collectif migrants 44, Collectif Migrants 47, Collectif Migrants 83, Collectif Migrants Is\u00e8re, Collectif migrants bienvenue 34, Collectif Outils du soin, Collectif poitevin \u00ab\u00a0D\u2019ailleurs Nous Sommes d\u2019Ici\u00a0\u00bb, Collectif pour l\u2019avenir des foyers, Collectif pour l\u2019\u00e9galit\u00e9 des droits-rive droite 33, Collectif r\u00e9fugi\u00e9s du Vaucluse, Collectif respect des droits des \u00e9trangers &#8211; solidarit\u00e9 migrants Pau, Collectif Romeurope du Val Maubu\u00e9e, Collectif Rosa Parks, Collectif Sarthois \u00ab\u00a0Pour une Terre plus Humaine\u00a0\u00bb, Collectif Solidarit\u00e9 Migrant-es Paris Centre, Collectif Sorbonne Sans Fronti\u00e8res, collectif de soutien aux migrants de B\u00e9gard, Collectif de soutien migrants Nantes, Collectif de soutien de l\u2019EHESS aux sans-papiers et aux migrant-es, Collectif de soutien aux sans-papiers du Tr\u00e9gor, Collectif Urgence Welcome de Mulhouse, Collectif V\u00e9rit\u00e9 et Justice pour Lamine Dieng, Collectif Vigilance pour les Droits des Etrangers 12\u00e8me, Comit\u00e9 d\u2019Accueil 72, CADTM, CCFD -Terre solidaire 93, CDKF, Comegas, Comit\u00e9 de Soutien aux Migrants du Goelo, CRLDHT, Coordination is\u00e9roise de solidarit\u00e9 avec les \u00e9trangers migrants, D\u2019ailleurs Nous Sommes d\u2019Ici 67, DTC, Des Lits Solidaires du Havre, DIEM25, DAL, DIEL, \u00c9ducation.World 86, EGM 58, Emma\u00fcs International, Emma\u00fcs France, FASTI, FCPE Nice, FEP, FETAF, FTCR, Fondation Frantz Fanon, Football Club Phenix de Versailles, Fraternit\u00e9 Douarnenez, FUIQP, Gr\u00e8ce France R\u00e9sistance, GISTI, Habitat et Citoyennet\u00e9, ICARE 05, Identit\u00e9 plurielle, Infl\u00e9chir, IPAM-Cedetim, La Boussole 02, La cabane juridique, LCD, L\u2019Auberge des Migrants, Le Mouvement de la Paix, Le paria, LDH, MAN, MDS, MDDM, MRAP, Organisation de Femmes Egalit\u00e9, Paris d\u2019Exil, Planning familial 06, Planning familial de Paris, R\u00e9seau AMY, R\u00e9seau Chr\u00e9tien-Immigr\u00e9s, RESF, REMCC, RESOME, R\u00e9seau europ\u00e9en pour une sant\u00e9 mentale d\u00e9mocratique, R\u00e9seau Foi et Justice Afrique Europe, R\u00e9seau IDD, R\u00e9seau RITIMO, RUSF Paris1, RUSF Paris 8, Romans International, Roya citoyenne, Survie, Syst\u00e8me B, TADAMOON, Tous Citoyens\u00a0!, Tous Migrants, TPC Maison Solidaire, Sos Racisme de la Vienne, UJFP, United Migrants, UNRPA Paris, UTAC, Un Toit C\u2019est Tout, Utopia56, Vall\u00e9es solidaires 06, Vies Vol\u00e9es, Voix des Migrants, Welcome Poitiers, WISE, Yvelines Entraide, ZSP18, Instants Vid\u00e9o Num\u00e9riques et Po\u00e9tiques, Revue A, Revue Vacarme<span style=\"font-family: Helvetica, Arial, sans-serif;\">AL, Ecologie Sociale, Ensemble, EELV, FA, Mouvement ECOLO, NPA, PCF, PCOF, PIR, R\u00e9fugi\u00e9s-Migrants FI 35, SKB, Unit\u00e9 Populaire Paris, UPC-MANIDEM<\/span><\/p>\n<p><img loading=\"lazy\" decoding=\"async\" class=\"alignleft\" src=\"http:\/\/www.atmf.org\/wp-content\/uploads\/2019\/01\/48367610_10213336935717793_7208001222102482944_n.jpg\" width=\"631\" height=\"474\" \/>\u00a0\u00a0<img loading=\"lazy\" decoding=\"async\" class=\"\" src=\"http:\/\/www.atmf.org\/wp-content\/uploads\/2019\/01\/48935241_10213336935877797_7303263648267370496_n.jpg\" width=\"638\" height=\"477\" \/>\u00a0<img loading=\"lazy\" decoding=\"async\" class=\"aligncenter\" src=\"http:\/\/www.atmf.org\/wp-content\/uploads\/2019\/01\/48385542_10213336936197805_8790871359883313152_n.jpg\" width=\"707\" height=\"529\" \/><\/p>\n<\/div>\n","protected":false},"excerpt":{"rendered":"<p>Action collective Manifestation \u00e0 Paris ce 18 d\u00e9cembre 2018 d\u00e8s 18h Nous, Collectifs de Sans-papiers et MigrantEs, Syndicats, Associations et Marche des Solidarit\u00e9s appelons \u00e0 des manifestations et rassemblements dans tout le pays le 18 d\u00e9cembre \u00e0 l\u2019occasion de la &hellip; <a href=\"https:\/\/www.atmf.org\/?p=6778\">Continue reading <span class=\"meta-nav\">&rarr;<\/span><\/a><\/p>\n","protected":false},"author":1,"featured_media":0,"comment_status":"closed","ping_status":"closed","sticky":false,"template":"","format":"standard","meta":{"ngg_post_thumbnail":0,"_monsterinsights_skip_tracking":false,"_monsterinsights_sitenote_active":false,"_monsterinsights_sitenote_note":"","_monsterinsights_sitenote_category":0,"footnotes":""},"categories":[84,48,108,47,43],"tags":[],"class_list":["post-6778","post","type-post","status-publish","format-standard","hentry","category-activites-membres","category-immigration-jetable","category-lutte-contre-le-racisme","category-migrants-sans-frontieres","category-sans-papiers"],"_links":{"self":[{"href":"https:\/\/www.atmf.org\/index.php?rest_route=\/wp\/v2\/posts\/6778","targetHints":{"allow":["GET"]}}],"collection":[{"href":"https:\/\/www.atmf.org\/index.php?rest_route=\/wp\/v2\/posts"}],"about":[{"href":"https:\/\/www.atmf.org\/index.php?rest_route=\/wp\/v2\/types\/post"}],"author":[{"embeddable":true,"href":"https:\/\/www.atmf.org\/index.php?rest_route=\/wp\/v2\/users\/1"}],"replies":[{"embeddable":true,"href":"https:\/\/www.atmf.org\/index.php?rest_route=%2Fwp%2Fv2%2Fcomments&post=6778"}],"version-history":[{"count":1,"href":"https:\/\/www.atmf.org\/index.php?rest_route=\/wp\/v2\/posts\/6778\/revisions"}],"predecessor-version":[{"id":6783,"href":"https:\/\/www.atmf.org\/index.php?rest_route=\/wp\/v2\/posts\/6778\/revisions\/6783"}],"wp:attachment":[{"href":"https:\/\/www.atmf.org\/index.php?rest_route=%2Fwp%2Fv2%2Fmedia&parent=6778"}],"wp:term":[{"taxonomy":"category","embeddable":true,"href":"https:\/\/www.atmf.org\/index.php?rest_route=%2Fwp%2Fv2%2Fcategories&post=6778"},{"taxonomy":"post_tag","embeddable":true,"href":"https:\/\/www.atmf.org\/index.php?rest_route=%2Fwp%2Fv2%2Ftags&post=6778"}],"curies":[{"name":"wp","href":"https:\/\/api.w.org\/{rel}","templated":true}]}}