{"id":6924,"date":"2019-03-26T12:33:59","date_gmt":"2019-03-26T11:33:59","guid":{"rendered":"http:\/\/www.atmf.org\/?p=6924"},"modified":"2019-03-26T12:33:59","modified_gmt":"2019-03-26T11:33:59","slug":"festival-migrations-est-une-reussite","status":"publish","type":"post","link":"https:\/\/www.atmf.org\/?p=6924","title":{"rendered":"Festival Migrations est une r\u00e9ussite"},"content":{"rendered":"<h3>\u00a0La fin en apoth\u00e9ose du festival Migrations<\/h3>\n<p>Le festival Migrations, c&rsquo;est fini, mais les souvenirs resteront longtemps dans les t\u00eates suite \u00e0 cette 5e \u00e9dition, quia pris fin samedi \u00e0 Saint-Avold. Organis\u00e9 par l&rsquo;association d&rsquo;action sociale et sportive du bassin houiller (Asbh), l&rsquo;association des travailleurs maghr\u00e9bins de France (Atmf) et le Carreau sc\u00e8ne nationale de Forbach, le festival aura dur\u00e9 trois semaines, cinquante \u00e9v\u00e9nements ayant \u00e9t\u00e9 organis\u00e9s dans diverses villes de Moselle-Est. La plupart des acteurs \u00e9taient r\u00e9unis \u00e0 l&rsquo;Agora de Saint-Avold afin de c\u00e9l\u00e9brer ensemble la fin de cet \u00e9v\u00e9nement hors du commun, et qui demande un an de pr\u00e9paration.<\/p>\n<p>Source:\u00a0<a href=\"https:\/\/www.republicain-lorrain.fr\/edition-de-saint-avold-creutzwald\/2019\/03\/23\/photos-saint-avold-la-fin-en-apotheose-du-festival-migrations?fbclid=IwAR1yXUOCczvydGV6sGmanI7W78E9D-8nY-M5zkoGbteBFe5W5E_V_0E-2kI\">https:\/\/www.republicain-lorrain.fr\/edition-de-saint-avold-creutzwald\/2019\/03\/23\/photos-saint-avold-la-fin-en-apotheose-du-festival-migrations?fbclid=IwAR1yXUOCczvydGV6sGmanI7W78E9D-8nY-M5zkoGbteBFe5W5E_V_0E-2kI<\/a><\/p>\n<h3>Pourquoi le festival Migrations est une r\u00e9ussite<\/h3>\n<div>\n<p>Trois semaines d\u2019animations en tous genres dans les centres sociaux, les \u00e9tablissements culturels, les \u00e9coles, coll\u00e8ges et m\u00eames les entreprises dans toute la Moselle-Est. Le clap de fin a eu lieu ce samedi \u00e0 l\u2019Agora \u00e0 Saint-Avold avec la plupart des participants.<\/p>\n<p>Source :\u00a0<a href=\"https:\/\/www.republicain-lorrain.fr\/edition-de-saint-avold-creutzwald\/2019\/03\/24\/pourquoi-le-festival-migrations-est-une-reussite?preview=true&amp;fbclid=IwAR0HErL7nb9D6uhGy-Tg-V0C2S9fHGCDm0FhjXO864HPDfijAKSk5XlXTsQ\">https:\/\/www.republicain-lorrain.fr\/edition-de-saint-avold-creutzwald\/2019\/03\/24\/pourquoi-le-festival-migrations-est-une-reussite?preview=true&amp;fbclid=IwAR0HErL7nb9D6uhGy-Tg-V0C2S9fHGCDm0FhjXO864HPDfijAKSk5XlXTsQ<\/a><\/p>\n<\/div>\n<p>&nbsp;<\/p>\n<p><strong>Des b\u00e9n\u00e9voles de l&rsquo;Unicef <\/strong><\/p>\n<p>Durant les 3 semaines du festival, plusieurs classes des circonscriptions de Saint-Avold et Forbach ont accueilli des lectures par des b\u00e9n\u00e9voles de l&rsquo;Unicef et\u00a0<span class=\"text_exposed_show\">par Marie-Th\u00e9r\u00e8se Adam. S\u00e9ances en 2 temps : lecture partielle d&rsquo;un livre inscrit dans le prix UNICEF 2018 sur les th\u00e8mes du d\u00e9racinement et de l&rsquo;exil puis, selon les cas, discussion sur le contenu ou exercices en lien avec le sujet. Comme ce quizz sur les r\u00e9fugi\u00e9s et migrants propos\u00e9 ce matin \u00e0 l&rsquo;\u00e9cole \u00e9l\u00e9mentaire Crusem de Saint-Avold qui a n\u00e9cessit\u00e9 toute la concentration des \u00e9l\u00e8ves.<br \/>\nMerci \u00e0 tous les b\u00e9n\u00e9voles qui ont contribu\u00e9 \u00e0 ces lectures ainsi qu&rsquo;aux enseignants qui, avec l&rsquo;accord des inspections, nous ont ouvert les portes de leur classe.<\/span><\/p>\n<p><span class=\"text_exposed_show\"><a href=\"https:\/\/www.facebook.com\/sebastien.migrations\/posts\/125964351849250\">https:\/\/www.facebook.com\/sebastien.migrations\/posts\/125964351849250<\/a><\/span><\/p>\n<p><strong>Une table \u00e9ducative<\/strong><\/p>\n<p>L&rsquo;\u00e9quipe du centre social Audaces&rsquo;s de Folschviller a anim\u00e9 \u00e0 l&rsquo;Agora de Saint-Avold une table \u00e9ducative autour des valeurs de la R\u00e9publique et la La\u00efcit\u00e9 !<\/p>\n<p>Bravo \u00e0 l&rsquo;\u00e9quipe de volontaires services civiques et de permanents pour une fois encore d\u00e9montrer la force de la Moselle Est a se mettre en mouvement pour d\u00e9fendre cette histoire de migration, cette histoire humaine qui se r\u00e9p\u00e8te depuis des mill\u00e9naires ! \u00c9galitaire Libert\u00e9 Fraternit\u00e9 !<\/p>\n<p><img loading=\"lazy\" decoding=\"async\" class=\"\" src=\"http:\/\/www.atmf.org\/wp-content\/uploads\/2019\/03\/54278987_2407775572600486_3742465060979605504_n.jpg\" width=\"653\" height=\"490\" \/>\u00a0\u00a0<img loading=\"lazy\" decoding=\"async\" class=\"\" src=\"http:\/\/www.atmf.org\/wp-content\/uploads\/2019\/03\/55519470_835027543514656_1993918372231774208_n.jpg\" width=\"654\" height=\"490\" \/>\u00a0<img loading=\"lazy\" decoding=\"async\" class=\"\" src=\"http:\/\/www.atmf.org\/wp-content\/uploads\/2019\/03\/55506883_834180583599352_7048866743845912576_n.jpg\" width=\"626\" height=\"470\" \/>\u00a0\u00a0<img loading=\"lazy\" decoding=\"async\" class=\"\" src=\"http:\/\/www.atmf.org\/wp-content\/uploads\/2019\/03\/54521864_638460956623813_1198964554747346944_n.jpg\" width=\"353\" height=\"471\" \/>\u00a0<img loading=\"lazy\" decoding=\"async\" class=\"\" src=\"http:\/\/www.atmf.org\/wp-content\/uploads\/2019\/03\/54524793_638460906623818_8887376341561769984_n.jpg\" width=\"355\" height=\"473\" \/>\u00a0<img loading=\"lazy\" decoding=\"async\" class=\"alignleft\" src=\"http:\/\/www.atmf.org\/wp-content\/uploads\/2019\/03\/55450439_638460793290496_6290102312207646720_n.jpg\" width=\"320\" height=\"428\" \/>\u00a0\u00a0<img loading=\"lazy\" decoding=\"async\" class=\"alignleft\" src=\"http:\/\/www.atmf.org\/wp-content\/uploads\/2019\/03\/54727704_638460829957159_8383486526377426944_n.jpg\" width=\"320\" height=\"426\" \/><\/p>\n","protected":false},"excerpt":{"rendered":"<p>\u00a0La fin en apoth\u00e9ose du festival Migrations Le festival Migrations, c&rsquo;est fini, mais les souvenirs resteront longtemps dans les t\u00eates suite \u00e0 cette 5e \u00e9dition, quia pris fin samedi \u00e0 Saint-Avold. Organis\u00e9 par l&rsquo;association d&rsquo;action sociale et sportive du bassin &hellip; <a href=\"https:\/\/www.atmf.org\/?p=6924\">Continue reading <span class=\"meta-nav\">&rarr;<\/span><\/a><\/p>\n","protected":false},"author":1,"featured_media":0,"comment_status":"closed","ping_status":"closed","sticky":false,"template":"","format":"standard","meta":{"ngg_post_thumbnail":0,"_monsterinsights_skip_tracking":false,"_monsterinsights_sitenote_active":false,"_monsterinsights_sitenote_note":"","_monsterinsights_sitenote_category":0,"footnotes":""},"categories":[84,92],"tags":[],"class_list":["post-6924","post","type-post","status-publish","format-standard","hentry","category-activites-membres","category-bhl"],"_links":{"self":[{"href":"https:\/\/www.atmf.org\/index.php?rest_route=\/wp\/v2\/posts\/6924","targetHints":{"allow":["GET"]}}],"collection":[{"href":"https:\/\/www.atmf.org\/index.php?rest_route=\/wp\/v2\/posts"}],"about":[{"href":"https:\/\/www.atmf.org\/index.php?rest_route=\/wp\/v2\/types\/post"}],"author":[{"embeddable":true,"href":"https:\/\/www.atmf.org\/index.php?rest_route=\/wp\/v2\/users\/1"}],"replies":[{"embeddable":true,"href":"https:\/\/www.atmf.org\/index.php?rest_route=%2Fwp%2Fv2%2Fcomments&post=6924"}],"version-history":[{"count":1,"href":"https:\/\/www.atmf.org\/index.php?rest_route=\/wp\/v2\/posts\/6924\/revisions"}],"predecessor-version":[{"id":6932,"href":"https:\/\/www.atmf.org\/index.php?rest_route=\/wp\/v2\/posts\/6924\/revisions\/6932"}],"wp:attachment":[{"href":"https:\/\/www.atmf.org\/index.php?rest_route=%2Fwp%2Fv2%2Fmedia&parent=6924"}],"wp:term":[{"taxonomy":"category","embeddable":true,"href":"https:\/\/www.atmf.org\/index.php?rest_route=%2Fwp%2Fv2%2Fcategories&post=6924"},{"taxonomy":"post_tag","embeddable":true,"href":"https:\/\/www.atmf.org\/index.php?rest_route=%2Fwp%2Fv2%2Ftags&post=6924"}],"curies":[{"name":"wp","href":"https:\/\/api.w.org\/{rel}","templated":true}]}}