{"id":7011,"date":"2019-06-16T16:00:47","date_gmt":"2019-06-16T14:00:47","guid":{"rendered":"http:\/\/www.atmf.org\/?p=7011"},"modified":"2019-06-29T16:29:19","modified_gmt":"2019-06-29T14:29:19","slug":"culture-pour-tous-a-gennevilliers","status":"publish","type":"post","link":"https:\/\/www.atmf.org\/?p=7011","title":{"rendered":"Culture pour Tous \u00e0 Gennevilliers"},"content":{"rendered":"<div>\n<div>Dans le cadre de ses activit\u00e9s \u00ab\u00a0CULTURE POUR TOUS\u00a0\u00bb, les activit\u00e9 du carnaval Gennevilliers\u00a0 organis\u00e9 par l&rsquo;ATMF Gennevilliers du 15 juin 2019 s&rsquo;est bien d\u00e9roul\u00e9e. Elle a rencontr\u00e9 un grand succ\u00e8s aupr\u00e8s des habitants de Gennevilliers et alentours.<\/div>\n<div>Nous tenons \u00e0 remercier les quatre stagiaires Btissam, C\u00e9lia, J\u00e9r\u00e9my, Yacine, et Omar EL AZZAOUI, Abdallah, et Rachid SOUSSAN, ainsi que Ouissam, Soumia, Wiame.<\/div>\n<div>La participation \u00e0 ce carnaval a \u00e9t\u00e9 r\u00e9ussi gr\u00e2ce \u00e0 l&rsquo;animation des deux troupes Raissas et Izouran de Paris.<\/div>\n<div><\/div>\n<div>\n<div>Nous tenons \u00e9galement \u00e0 vous rappeler les activit\u00e9s \u00e0 venir en vous prions de participer massivement \u00e0 la r\u00e9ussite de celles-ci:<\/div>\n<\/div>\n<\/div>\n<div>20\/06\/2019: (20h30) Projection cin\u00e9matographique et d\u00e9bat du film \u00ab\u00a0Prendre Le Large\u00a0\u00bb, en pr\u00e9sence des syndicalistes et en partenariat avec le cin\u00e9ma Jean-Vigo Gennevilliers.<\/div>\n<div>21\/06\/2019: Conservatoire musique Gennevilliers: rencontre des chibanis avec le directeur du conservatoire et une visite guid\u00e9, \u00e0 partir de 15h.<\/div>\n<div>26\/06\/2019: Sortie Ch\u00e2teau de Versailles en partenariat avec l&rsquo;Espace des Gresillions de 9h \u00e0 18h (5 euros de participation pour les adultes sur inscription du 1 au 15 juin).<\/div>\n<div>27\/06\/2019: (20h30) Projection cin\u00e9matographique du film \u00ab\u00a0TerraFerma\u00a0\u00bb, en pr\u00e9sence du collectif \u00ab\u00a0La solidarit\u00e9 n&rsquo;est pas un d\u00e9lit\u00a0\u00bb, toujours en partenariat avec le Cin\u00e9ma Jean-Vigo\u00a0<span style=\"color: black; font-family: times new roman,new york,times,serif; font-size: small;\">Gennevilliers\u00a0<\/span>.<\/div>\n<div>29\/06\/2019: Tournoi Foot Palestine, au parc des Sevines Gennevilliers \u00e0 partir de 10h.<\/div>\n<div>06\/07\/2019: F\u00eate Espace des Gresillions en attendant la confirmation de la salle.<\/div>\n<div>Bureau ATMF Gennevilliers<\/div>\n<div><\/div>\n<div><\/div>\n<div><\/div>\n","protected":false},"excerpt":{"rendered":"<p>Dans le cadre de ses activit\u00e9s \u00ab\u00a0CULTURE POUR TOUS\u00a0\u00bb, les activit\u00e9 du carnaval Gennevilliers\u00a0 organis\u00e9 par l&rsquo;ATMF Gennevilliers du 15 juin 2019 s&rsquo;est bien d\u00e9roul\u00e9e. Elle a rencontr\u00e9 un grand succ\u00e8s aupr\u00e8s des habitants de Gennevilliers et alentours. Nous tenons &hellip; <a href=\"https:\/\/www.atmf.org\/?p=7011\">Continue reading <span class=\"meta-nav\">&rarr;<\/span><\/a><\/p>\n","protected":false},"author":1,"featured_media":0,"comment_status":"closed","ping_status":"closed","sticky":false,"template":"","format":"standard","meta":{"ngg_post_thumbnail":0,"_monsterinsights_skip_tracking":false,"_monsterinsights_sitenote_active":false,"_monsterinsights_sitenote_note":"","_monsterinsights_sitenote_category":0,"footnotes":""},"categories":[84,96],"tags":[],"class_list":["post-7011","post","type-post","status-publish","format-standard","hentry","category-activites-membres","category-gennevilliers"],"_links":{"self":[{"href":"https:\/\/www.atmf.org\/index.php?rest_route=\/wp\/v2\/posts\/7011","targetHints":{"allow":["GET"]}}],"collection":[{"href":"https:\/\/www.atmf.org\/index.php?rest_route=\/wp\/v2\/posts"}],"about":[{"href":"https:\/\/www.atmf.org\/index.php?rest_route=\/wp\/v2\/types\/post"}],"author":[{"embeddable":true,"href":"https:\/\/www.atmf.org\/index.php?rest_route=\/wp\/v2\/users\/1"}],"replies":[{"embeddable":true,"href":"https:\/\/www.atmf.org\/index.php?rest_route=%2Fwp%2Fv2%2Fcomments&post=7011"}],"version-history":[{"count":2,"href":"https:\/\/www.atmf.org\/index.php?rest_route=\/wp\/v2\/posts\/7011\/revisions"}],"predecessor-version":[{"id":7020,"href":"https:\/\/www.atmf.org\/index.php?rest_route=\/wp\/v2\/posts\/7011\/revisions\/7020"}],"wp:attachment":[{"href":"https:\/\/www.atmf.org\/index.php?rest_route=%2Fwp%2Fv2%2Fmedia&parent=7011"}],"wp:term":[{"taxonomy":"category","embeddable":true,"href":"https:\/\/www.atmf.org\/index.php?rest_route=%2Fwp%2Fv2%2Fcategories&post=7011"},{"taxonomy":"post_tag","embeddable":true,"href":"https:\/\/www.atmf.org\/index.php?rest_route=%2Fwp%2Fv2%2Ftags&post=7011"}],"curies":[{"name":"wp","href":"https:\/\/api.w.org\/{rel}","templated":true}]}}