{"id":7025,"date":"2019-06-27T20:27:43","date_gmt":"2019-06-27T18:27:43","guid":{"rendered":"http:\/\/www.atmf.org\/?p=7025"},"modified":"2019-07-08T20:32:25","modified_gmt":"2019-07-08T18:32:25","slug":"gilets-noirs-cherchent-1er-ministre","status":"publish","type":"post","link":"https:\/\/www.atmf.org\/?p=7025","title":{"rendered":"Gilets Noirs cherchent 1er Ministre"},"content":{"rendered":"<p>&nbsp;<\/p>\n<p>Nous, artistes, intellectuel.les, universitaires, organisations, sommes solidaires du mouvement des gilets noirs. Nous nous faisons l\u2019\u00e9cho de leurs revendications et demandons au Premier ministre, Edouard Philippe, de les recevoir et de mettre en place les conditions d\u2019une r\u00e9gularisation collective de tou.te.s. les exil\u00e9.e.s, sans papiers.<\/p>\n<p>Fin automne\u00a02018, alors que des hommes et des femmes ordinaires, ramen\u00e9.es tous les trois, quatre\u00a0ans \u00e0 un r\u00f4le d\u2019\u00e9lecteur ou d\u2019\u00e9lectrice, bloquaient les ronds-points et s\u2019emparaient de lieux dont ils \u00e9taient habituellement exclus\u00a0; tandis que le gouvernement faisait adopter sa loi \u00abasile et immigration\u00bb encore plus offensive envers les immigr\u00e9.e.s que les pr\u00e9c\u00e9dentes et qu\u2019il portait les violences polici\u00e8res \u00e0 leur comble\u00a0; nous, habitant.e.s des foyers, locataires de la rue de nationalit\u00e9s diff\u00e9rentes et personnes solidaires, avons d\u00e9cid\u00e9 de ne plus nous cacher, de crier haut et fort que l&rsquo;<em>\u00abon n\u2019a pas peur de la mort, on a peur de l\u2019humiliation\u00bb.<\/em><\/p>\n<p>Nous avons quitt\u00e9 nos activit\u00e9s quotidiennes, nous nous sommes lev\u00e9.e.s pour un toit et des papiers, nous nous sommes organis\u00e9.e.s. en un mouvement, les gilets noirs. Ce mouvement unit aujourd\u2019hui des collectifs de lutte comme Droits devant\u00a0!! ainsi que La\u00a0Chapelle Debout.<\/p>\n<h3>D\u00e9termin\u00e9.e.s \u00e0 ne plus attendre<\/h3>\n<p>Le 23\u00a0novembre, nous \u00e9tions\u00a0400\u00a0\u00e0 manifester contre les centres de r\u00e9tention qui sont des prisons pour \u00e9trange.\u00e8.rs. Le 16\u00a0d\u00e9cembre, nous \u00e9tions 720\u00a0personnes devant la Com\u00e9die-Fran\u00e7aise afin d\u2019exiger un rendez-vous avec le minist\u00e8re de l\u2019Int\u00e9rieur et revendiquer le droit \u00e0 des papiers pour tou.te.s, \u00e0 un logement digne et \u00e0 la libert\u00e9 de circuler et de s\u2019installer. Le 31\u00a0janvier, apr\u00e8s avoir obtenu un rendez-vous avec le cabinet du pr\u00e9fet, nous \u00e9tions\u00a01\u00a0500\u00a0\u00e0 manifester devant la pr\u00e9fecture de Paris et y accompagner notre d\u00e9l\u00e9gation. Le 19\u00a0mai, nous avons bloqu\u00e9 et occup\u00e9 \u00e0\u00a0500 le terminal 2F de l\u2019a\u00e9roport de Roissy-Charles-de-Gaulle, contre les d\u00e9portations et pour exiger qu\u2019Air France mette fin \u00e0 sa collaboration avec l\u2019Etat. Le 12\u00a0juin, nous avons occup\u00e9 le si\u00e8ge de l\u2019Elior \u00e0 La\u00a0D\u00e9fense, le num\u00e9ro\u00a04 mondial en restauration collective, contre l\u2019exploitation des sans-papiers par les patrons et pour exiger qu\u2019Elior se retire des centres de r\u00e9tention et arr\u00eate d\u2019y faire travailler les sans-papiers contre eux-m\u00eames. Le 20 juin, avec nos camarades gr\u00e9vistes de Marseille et la CNT-S, nous avons envahi le conseil d\u2019administration d\u2019Elior Groupe.<\/p>\n<p>Avec Droits devant!!, courant\u00a02016 et\u00a02017, nous avons occup\u00e9 \u00e0 quatre reprises des administrations du minist\u00e8re du Travail (Inspection du travail, Direction g\u00e9n\u00e9rale du travail \u2013 DGEFP et Direccte) pour exiger la r\u00e9gularisation et l\u2019\u00e9galit\u00e9 des droits pour tout.e.s les travailleur.euses sans papiers, notamment celles et ceux contraints de travailler au noir. Nous sommes en lien avec nos camarades gilets noirs qui occupent avec d\u2019autres collectifs de sans-papiers, des syndicats et des associations, le site de Chronopost \u00e0 Alforville.<\/p>\n<p>Depuis novembre, nous, les gilets noirs, nous r\u00e9unissons en petits groupes ou en grandes AG, o\u00f9 l\u2019on parle en plusieurs langues, du sonink\u00e9 au peul et de l\u2019arabe, du bambara au farsi.\u00a0Nous nous organisons jour et nuit, non seulement pour obtenir des papiers, mais pour lutter contre le syst\u00e8me qui produit des sans-papiers.<\/p>\n<p>Face \u00e0 cette mobilisation, l\u2019Etat et la pr\u00e9fecture suivent leurs vieilles m\u00e9thodes\u00a0: \u00e9puiser le mouvement dans des n\u00e9gociations sans r\u00e9sultats o\u00f9, comme au guichet, chacun.e serait un dossier \u00e0 \u00e9tudier au cas par cas. Pourtant, nous sommes, depuis d\u00e9j\u00e0 longtemps, d\u00e9termin\u00e9.e.s \u00e0 ne plus attendre. Nous continuerons notre combat dans les jours, les mois et les ann\u00e9es \u00e0 venir. Nous appelons \u00e0 soutenir dans notre combat et dans nos prochaines actions\u00a0:<\/p>\n<p>toutes celles et ceux qui en ont marre de faire barrage contre l\u2019extr\u00eame droite \u00e0 chaque p\u00e9riode \u00e9lectorale, qui sont persuad\u00e9.e.s que la lutte contre le racisme qui vient passe par le combat contre le racisme existant,<\/p>\n<p>toutes celles et ceux qui ne peuvent pas supporter de voir qu\u2019il y a eu plus de 10 000\u00a0morts en M\u00e9diterran\u00e9e depuis 2014, de voir que les gens cr\u00e8vent dans les rues, qui en ont marre de seulement le d\u00e9plorer,<\/p>\n<p>toutes celles et ceux qui consid\u00e8rent que l\u2019attente est une torture et que l\u2019application du r\u00e8glement de Dublin est un crime,<\/p>\n<p>toutes celles et ceux qui sont scandalis\u00e9.e.s lorsqu\u2019on apprend que les gens se suicident dans les centres de r\u00e9tention,<\/p>\n<p>toutes celles et ceux qui ne peuvent plus voir les \u00e9tranger.\u00e8.s enferm\u00e9.e.s, pers\u00e9cut\u00e9.e.s dans les centres de r\u00e9tention,<\/p>\n<p>toutes celles et ceux qui savent que chaque d\u00e9portation d\u00e9truit une vie,<\/p>\n<p>toutes celles et ceux qui pensent qu\u2019aucun \u00eatre humain n\u2019est ill\u00e9gal,<\/p>\n<p>toutes celles et ceux qui sont contre toute sorte d\u2019exploitation des \u00eatres humains,<\/p>\n<p>toutes celles et ceux qui s\u2019opposent aux guerres et aux pillages \u00e9conomiques,<\/p>\n<p>toutes celles et ceux qui pensent que c\u2019est seulement par notre combat et par l\u2019union de nos forces que nous pourrons nous lib\u00e9rer de nos cha\u00eenes et vaincre les in\u00e9galit\u00e9s,<\/p>\n<p>ensemble nous poserons les jalons d\u2019une vie digne pour toutes et tous.<\/p>\n<p>Nous vous invitons \u00e0 signer\u00a0<a href=\"https:\/\/www.change.org\/p\/edouard-philippe-gilets-noirs-cherchent-1er-ministre\" target=\"_blank\" rel=\"noopener\"><span style=\"color: #ff0000;\">la p\u00e9tition en ligne<\/span><\/a>\u00a0et \u00e0 soutenir en actes les gilets noirs pour l\u2019obtention d\u2019un rendez-vous avec le Premier ministre.<\/p>\n<p><strong>Signataires\u00a0:<\/strong>\u00a0<strong>ABD AL MALIK<\/strong>\u00a0rappeur, \u00e9crivain et r\u00e9alisateur,\u00a0<strong>Act Up-Paris,<\/strong>\u00a0<strong>Action Antifasciste Paris-Banlieue, AFA,<\/strong>\u00a0<strong>Eric ALLIEZ<\/strong>\u00a0professeur des Universit\u00e9s, Paris 8,\u00a0<strong>Santiago AMIGORENA<\/strong>r\u00e9alisateur argentin,\u00a0<strong>Aude ARAGO<\/strong>\u00a0artiste chor\u00e9graphe et photographe,\u00a0<strong>Syndicat ASSO SOLIDAIRES,<\/strong>\u00a0<strong>Association Femmes Plurielles,<\/strong><strong>Association Marocaine Des Droits Humains<\/strong>\u00a0AMDH-Paris\/IDF,\u00a0<strong>Association des Travailleurs maghr\u00e9bins de France,<\/strong>\u00a0ATMF,\u00a0<strong>Marine BACHELOT NGUYEN<\/strong>\u00a0autrice et metteuse en sc\u00e8ne,\u00a0<strong>Etienne BALIBAR<\/strong>\u00a0ancien professeur des Universit\u00e9s de Paris-Nanterre,\u00a0<strong>Ludivine BANTIGNY<\/strong>\u00a0historienne, MFC \u00e0 l\u2019Universit\u00e9 de Rouen-Normandie,\u00a0<strong>Fran\u00e7ois BEGAUDEAU<\/strong>\u00a0\u00e9crivain, acteur et r\u00e9alisateur,\u00a0<strong>Hourya BENTOUHAMI<\/strong>\u00a0philosophe, Universit\u00e9 de Toulouse Jean-Jaur\u00e8s,\u00a0<strong>Mohammed BEN YAKHLEF<\/strong>\u00a0\u00e9lu municipal de Villeneuve-Saint-Georges,<strong>\u00a0Emmanuelle B\u00e9art\u00a0<\/strong>actrice,<strong>\u00a0Arno BERTINA<\/strong>\u00a0\u00e9crivain,\u00a0<strong>Juliette BINOCHE<\/strong>\u00a0actrice,\u00a0<strong>David BOB\u00c9E<\/strong>\u00a0metteur en sc\u00e8ne et directeur du CDN de Rouen-Normandie,\u00a0<strong>Sa\u00efd BOUAMAMA<\/strong>\u00a0Front Uni des Immigrations et des Quartiers Populaires (FUIQP),\u00a0<strong>Nedjma BOUAKRA<\/strong>\u00a0journaliste,\u00a0<strong>Alima BOUMEDIENE THIERY<\/strong>\u00a0avocate,\u00a0<strong>C\u00e9cile BOURGADE<\/strong>\u00a0enseignante,<strong>\u00a0Louis BOYARD<\/strong>\u00a0Pr\u00e9sident de l\u2019Union Nationale Lyc\u00e9enne (UNL),\u00a0<strong>Brigade antin\u00e9grophobie,<\/strong>\u00a0BAN,\u00a0<strong>CGT<\/strong>\u00a0de la Cit\u00e9 nationale de l\u2019histoire de l\u2019Immigration,\u00a0<strong>CGT<\/strong>\u00a0Info\u2019com,\u00a0<strong>Florian CHAVANON<\/strong>\u00a0\u00e9diteur,\u00a0<strong>Vanessa CODACCIONI\u00a0<\/strong>MCF, Universit\u00e9 Paris 8,\u00a0<strong>Collectif de D\u00e9fense des Jeunes du Mantois,<\/strong><strong>Philippe CORCUFF<\/strong>\u00a0ma\u00eetre de conf\u00e9rences de science politique \u00e0 Sciences Po Lyon,\u00a0<strong>Alexis CUCKIER<\/strong>\u00a0Ma\u00eetre de conf\u00e9rences en philosophie, Universit\u00e9 de Poitiers,\u00a0<strong>Gerty DAMBURY<\/strong>\u00a0autrice et metteure en sc\u00e8ne,\u00a0<strong>Romaric DAURIER<\/strong>\u00a0directeur du Ph\u00e9nix, sc\u00e8ne nationale de Valenciennes,\u00a0<strong>Laurence DE COCK<\/strong>\u00a0historienne et essayiste,\u00a0<strong>Collectif D\u00c9SARMONS-LES\u00a0!, Penda DIOUF<\/strong>\u00a0autrice Direction du Th\u00e9\u00e2tre de La Commune, CDN Aubervilliers,\u00a0<strong>Suzanne DOPPELT\u00a0<\/strong>auteur,\u00a0<strong>Karima EL KHARRAZE<\/strong>\u00a0auteure et metteuse en sc\u00e8ne,\u00a0<strong>EMMA,<\/strong>\u00a0blogueuse f\u00e9ministe et anticapitaliste,\u00a0<strong>Annie ERNAUX<\/strong>\u00e9crivaine,\u00a0<strong>Jean-Baptiste EYRAUD<\/strong>\u00a0porte-parole du DAL,<strong>\u00a0Eric FASSIN<\/strong>\u00a0sociologue, Universit\u00e9 Paris 8,\u00a0<strong>Gwen FAUCHOIS,<\/strong>\u00a0<strong>Franck FISCHBACH,<\/strong>\u00a0enseignant-chercheur, Strasbourg,\u00a0<strong>Fondation FRANTZ FANON,<\/strong>\u00a0<strong>Georges FRANCO,<\/strong>\u00a0artiste peintre,\u00a0<strong>Arnaud FRAN\u00c7OIS<\/strong>\u00a0professeur \u00e0 l\u2019Universit\u00e9 de Poitiers, d\u00e9partement de philosophie,\u00a0<strong>Florian GAIT\u00c9,<\/strong>\u00a0philosophe et critique d\u2019art,\u00a0<strong>Isabelle GARO<\/strong>\u00a0enseignante en philosophie, Paris,\u00a0<strong>Franck GAUDICHAUD<\/strong>enseignant-chercheur, Universit\u00e9 Grenoble Alpes,\u00a0<strong>Ouissame GHMIMAT,\u00a0<\/strong>militant des droits humains,\u00a0<strong>Nacira GU\u00c9NIF,<\/strong>sociologue, Professeure Universit\u00e9 paris 8 Vincennes-Saint-Denis,\u00a0<strong>Eric HAZAN,<\/strong>\u00a0\u00e9diteur, \u00e9ditions La Fabrique,\u00a0<strong>Odile HENRY,<\/strong>\u00a0sociologue, Paris 8,\u00a0<strong>Juan Camilo HERNANDEZ SANCHEZ<\/strong>\u00a0musicien,\u00a0<strong>V\u00e9ronique HUBERT<\/strong>\u00a0artiste,\u00a0<strong>Collectif IRR\u00c9CUP\u00c9RABLES,<\/strong>\u00a0<strong>La Compagnie JOLIE M\u00d4ME<\/strong>\u00a0troupe de th\u00e9\u00e2tre,\u00a0<strong>Anne JOLLET<\/strong>historienne, Universit\u00e9 de Poitiers,<strong>\u00a0Maria KAKOGIANNI<\/strong>\u00a0\u00e9crivaine,\u00a0<strong>Anasse KAZIB<\/strong>\u00a0cheminot SUD-Rail,\u00a0<strong>Lalla KOWSKA R\u00c9GNIER<\/strong>autrice et commer\u00e7ante,<strong>\u00a0Aude LALANDE<\/strong>\u00a0biblioth\u00e9caire,\u00a0<strong>Lila LAMRANI\u00a0<\/strong>docteure en philosophie de l\u2019Universit\u00e9 Paris Sorbonne,<strong>Olivier LE COUR GRANDMAISON<\/strong>\u00a0universitaire,\u00a0<strong>Camille LOUIS\u00a0<\/strong>philosophe et dramaturge,\u00a0<strong>Michael LOWY\u00a0<\/strong>directeur de recherches \u00e9m\u00e9rite,\u00a0<strong>Armelle MABON<\/strong>\u00a0historienne,\u00a0<strong>Pascal MAILLARD<\/strong>universitaire et responsable syndical SNESUP-FSU,\u00a0<strong>Patrice MANIGLIER<\/strong>\u00a0philosophe,\u00a0<strong>S\u00e9bastien MARTEL<\/strong>\u00a0guitariste,\u00a0<strong>Jean-Pierre MARTIN<\/strong>\u00a0psychiatre,\u00a0<strong>Xavier MATHIEU<\/strong>\u00a0com\u00e9dien et Ex porte-parole CGT des Conti,\u00a0<strong>Madjid MESSAOUDENNE<\/strong>\u00a0\u00e9lu de Saint-Denis,\u00a0<strong>B\u00e9n\u00e9dicte MONVILLE\u00a0<\/strong>\u00e9lue d\u2019opposition \u00e0 Melun (BVAM), Conseill\u00e8re R\u00e9gionale d\u2019Ile de france (groupe AES),\u00a0<strong>Olivier NEVEUX<\/strong>universitaire,\u00a0<strong>Stanislas NORDEY<\/strong>\u00a0metteur en sc\u00e8ne,\u00a0<strong>Yves PAG\u00c8S<\/strong>\u00e9crivain et co-directeur des Editions Verticales,<strong>\u00a0Ugo PALHETA<\/strong>sociologue, MCF \u00e0 l\u2019universit\u00e9 de Lille,<strong>\u00a0PARIS D\u2019EXIL<\/strong>,<strong>\u00a0Parti des Indig\u00e8nes de la R\u00e9publique,<\/strong>\u00a0PIR,\u00a0<strong>Willy PELLETIER<\/strong>\u00a0coordinateur de la Fonction Copernic,<strong>\u00a0Evelyne PERRIN\u00a0<\/strong>Conseil Scientifique d\u2019ATTAC,\u00a0<strong>Roland PFEFFERKORN\u00a0<\/strong>sociologue, Universit\u00e9 de Strasbourg et chercheur au CNRS,\u00a0<strong>Manuel REBUSCHI<\/strong>\u00a0enseignant-chercheur en philosophie, Universit\u00e9 de Nancy,\u00a0<strong>Matthieu RENAULT\u00a0<\/strong>Universit\u00e9 Paris 8,<strong>\u00a0RESOME,<\/strong>\u00a0<strong>Ulrike Lune RIBONI<\/strong>\u00a0enseignante-chercheuse, Universit\u00e9 Paris 8,\u00a0<strong>Jonathan RUFF-ZAH\u00a0<\/strong>UJFP,\u00a0<strong>Marion SIEFERT\u00a0<\/strong>metteuse en sc\u00e8ne,\u00a0<strong>Pauline SIMON<\/strong>\u00a0artiste,\u00a0<strong>Omar SLAOUTI\u00a0<\/strong>militant antiraciste,\u00a0<strong>Olivier STEINER<\/strong>\u00a0\u00e9crivain, producteur de radio et chroniqueur,\u00a0<strong>R\u00e9my TOULOUSE,<\/strong>\u00a0directeur litt\u00e9raire, Editions La D\u00e9couverte,\u00a0<strong>Union juive fran\u00e7aise pour la paix<\/strong>\u00a0(UJFP),\u00a0<strong>Eleni VARIKAS\u00a0<\/strong>professeur \u00e9m\u00e9rite,\u00a0<strong>Fran\u00e7oise VERG\u00c8S,<\/strong>politologue, militante f\u00e9ministe d\u00e9colonis\u00e9e antiraciste,\u00a0<strong>Dror WARSCHAWSKI<\/strong>\u00a0chercheur CNRS, Paris,<strong>\u00a0Jacques Weber\u00a0<\/strong>acteur,\u00a0<strong>Caroline ZERKI<\/strong>\u00a0ma\u00eetresse de conf\u00e9rences, universit\u00e9 Paris-Est Cr\u00e9teil.<\/p>\n<p>&nbsp;<\/p>\n<p>&nbsp;<\/p>\n<p>https:\/\/www.liberation.fr\/debats\/2019\/06\/27\/gilets-noirs-cherchent-premier-ministre_1736092?fbclid=IwAR3wBSE5lQzy2YA9mFIbDfQF_bUnwzGlWgUlZMEC_04zGe43FMBjdgId5MM<\/p>\n","protected":false},"excerpt":{"rendered":"<p>&nbsp; Nous, artistes, intellectuel.les, universitaires, organisations, sommes solidaires du mouvement des gilets noirs. Nous nous faisons l\u2019\u00e9cho de leurs revendications et demandons au Premier ministre, Edouard Philippe, de les recevoir et de mettre en place les conditions d\u2019une r\u00e9gularisation collective &hellip; <a href=\"https:\/\/www.atmf.org\/?p=7025\">Continue reading <span class=\"meta-nav\">&rarr;<\/span><\/a><\/p>\n","protected":false},"author":1,"featured_media":0,"comment_status":"closed","ping_status":"closed","sticky":false,"template":"","format":"standard","meta":{"ngg_post_thumbnail":0,"_monsterinsights_skip_tracking":false,"_monsterinsights_sitenote_active":false,"_monsterinsights_sitenote_note":"","_monsterinsights_sitenote_category":0,"footnotes":""},"categories":[84,107,48,108,47,43],"tags":[],"class_list":["post-7025","post","type-post","status-publish","format-standard","hentry","category-activites-membres","category-droit-des-femmes","category-immigration-jetable","category-lutte-contre-le-racisme","category-migrants-sans-frontieres","category-sans-papiers"],"_links":{"self":[{"href":"https:\/\/www.atmf.org\/index.php?rest_route=\/wp\/v2\/posts\/7025","targetHints":{"allow":["GET"]}}],"collection":[{"href":"https:\/\/www.atmf.org\/index.php?rest_route=\/wp\/v2\/posts"}],"about":[{"href":"https:\/\/www.atmf.org\/index.php?rest_route=\/wp\/v2\/types\/post"}],"author":[{"embeddable":true,"href":"https:\/\/www.atmf.org\/index.php?rest_route=\/wp\/v2\/users\/1"}],"replies":[{"embeddable":true,"href":"https:\/\/www.atmf.org\/index.php?rest_route=%2Fwp%2Fv2%2Fcomments&post=7025"}],"version-history":[{"count":1,"href":"https:\/\/www.atmf.org\/index.php?rest_route=\/wp\/v2\/posts\/7025\/revisions"}],"predecessor-version":[{"id":7026,"href":"https:\/\/www.atmf.org\/index.php?rest_route=\/wp\/v2\/posts\/7025\/revisions\/7026"}],"wp:attachment":[{"href":"https:\/\/www.atmf.org\/index.php?rest_route=%2Fwp%2Fv2%2Fmedia&parent=7025"}],"wp:term":[{"taxonomy":"category","embeddable":true,"href":"https:\/\/www.atmf.org\/index.php?rest_route=%2Fwp%2Fv2%2Fcategories&post=7025"},{"taxonomy":"post_tag","embeddable":true,"href":"https:\/\/www.atmf.org\/index.php?rest_route=%2Fwp%2Fv2%2Ftags&post=7025"}],"curies":[{"name":"wp","href":"https:\/\/api.w.org\/{rel}","templated":true}]}}