{"id":7028,"date":"2019-07-26T23:57:37","date_gmt":"2019-07-26T21:57:37","guid":{"rendered":"http:\/\/www.atmf.org\/?p=7028"},"modified":"2019-07-26T23:57:37","modified_gmt":"2019-07-26T21:57:37","slug":"acces-aux-soins-des-chibani-a-s-la-desinformaion-ca-suffit","status":"publish","type":"post","link":"https:\/\/www.atmf.org\/?p=7028","title":{"rendered":"Acc\u00e8s aux soins des Chibani-a-s | la d\u00e9sinformaion ca suffit !!!"},"content":{"rendered":"<p>Le 1 juillet 2019 est entr\u00e9 en vigueur un amendement adopt\u00e9 le 23 d\u00e9cembre 2018 concernant la prise en charge des soins des <strong>Chibani-a-s<\/strong> et leurs ayants droits lors de leurs s\u00e9jours temporaires en France. Il s\u2019en est suivie une campagne m\u00e9diatique sans pr\u00e9c\u00e9dent, avec des slogans et des \u00e9l\u00e9ments de langage en complet d\u00e9calage avec le contenu et la port\u00e9e de cet amendement (\u00ab\u00a0enfin libre\u00a0\u00bb,\u00a0\u00ab\u00a0Victoire des Chibanis\u00a0\u00bb, \u00ab\u00a0la bataille des Chibanis\u00a0\u00bb &#8230;).<\/p>\n<p>Cette campagne visant en particulier les marocains frise l\u2019ind\u00e9cence voir la d\u00e9sinformation.<\/p>\n<p>&nbsp;<\/p>\n<p>L\u2019amendement issu d\u2019une initiative gouvernementale (pour des raisons techniques&#8230;) reprend un article -160 du Code de la s\u00e9curit\u00e9 sociale- et apporte des modifications \u00e0 la marge (prise en charge des enfants&#8230;). Il introduit une nouvelle condition dur\u00e9e de cotisation (de 15 ans) qui n\u2019existait pas auparavant. Cet article exclut de fait les plus pr\u00e9caires et les plus fragiles. L\u2019amendement et les motivations du l\u00e9gislateur demeurent flous et reposent sur un diagnostic approximatif voire inexistant (nombre de b\u00e9n\u00e9ficiaires, public concern\u00e9&#8230;).<\/p>\n<p>&nbsp;<\/p>\n<p>L\u2019entr\u00e9e en vigueur de cet amendement ne s\u2019est pas accompagn\u00e9 d\u2019instructions claires et transparentes (absence de notes de services, circulaires, r\u00e8gles ou toutes mesures \u00e9crites aupr\u00e8s des administrations concern\u00e9es&#8230;). Il semblerait que la CNAREFE aurait donn\u00e9 des consignes aux administrations concern\u00e9es (CPAM&#8230;), des consignes pour une probl\u00e9matique aussi importante t\u00e9moignent encore une fois du manque d\u2019int\u00e9r\u00eat \u00e0 l\u2019\u00e9gard des <strong>Chibani-a-s<\/strong> et une certaine l\u00e9g\u00e8ret\u00e9.<\/p>\n<p>&nbsp;<\/p>\n<p>Des associations et collectifs d\u2019accompagnement des <strong>Chibani-a-s<\/strong>, des professionnels, des militant-e-s, des sp\u00e9cialistes et des chercheurs ont exprim\u00e9 leurs r\u00e9serves sur cet amendement et d\u00e9plor\u00e9 le manque d\u2019ambition et l\u2019absence de volont\u00e9 r\u00e9elle pour la dignit\u00e9 des <strong>Chibani-a-s<\/strong>, ils viennent de r\u00e9it\u00e9rer leurs insatisfaction et d\u00e9sapprobation.<\/p>\n<p>&nbsp;<\/p>\n<p>Nous regrettons donc cette campagne parfois ind\u00e9cente et qui ne parle que des <strong>Chibanis<\/strong> marocains avec une mobilisation de m\u00e9dias et presse du Maroc frisant la propagande et la d\u00e9sinformation. Pour rappel, la convention bilat\u00e9rale franco-marocaine (que nous contestons sur de nombreux aspects) pr\u00e9voit d\u00e9j\u00e0 les dispositifs de cet amendement (sans la condition des 15 ans de cotisation).<\/p>\n<p>&nbsp;<\/p>\n<p>Nous exigeons une politique publique juste et des mesures concr\u00e8tes et concert\u00e9es.<\/p>\n<p><strong>Justice et dignit\u00e9 pour les Chibani-a-s.<\/strong><\/p>\n<p>&nbsp;<\/p>\n<p>Le Bureau National de l\u2019ATMF<\/p>\n<p>Paris, le 26 juillet 2019<\/p>\n<p>&nbsp;<\/p>\n<p><img decoding=\"async\" class=\"aligncenter\" src=\"http:\/\/www.atmf.org\/wp-content\/uploads\/2019\/07\/chibanis-1.png\" \/><\/p>\n<p>&nbsp;<\/p>\n<p><a href=\"http:\/\/www.atmf.org\/wp-content\/uploads\/2019\/07\/Atmf-Acc\u00e8s-aux-soins-des-Chibani-a-s-la-d\u00e9sinformaion-ca-suffit-.pdf\">http:\/\/www.atmf.org\/wp-content\/uploads\/2019\/07\/Atmf-Acc\u00e8s-aux-soins-des-Chibani-a-s-la-d\u00e9sinformaion-ca-suffit-.pdf<\/a><\/p>\n<p><a href=\"http:\/\/www.atmf.org\/wp-content\/uploads\/2019\/07\/Atmf-Acc\u00e8s-aux-soins-des-Chibani-a-s-la-d\u00e9sinformaion-ca-suffit-.jpg\">http:\/\/www.atmf.org\/wp-content\/uploads\/2019\/07\/Atmf-Acc\u00e8s-aux-soins-des-Chibani-a-s-la-d\u00e9sinformaion-ca-suffit-.jpg<\/a><\/p>\n","protected":false},"excerpt":{"rendered":"<p>Le 1 juillet 2019 est entr\u00e9 en vigueur un amendement adopt\u00e9 le 23 d\u00e9cembre 2018 concernant la prise en charge des soins des Chibani-a-s et leurs ayants droits lors de leurs s\u00e9jours temporaires en France. Il s\u2019en est suivie une &hellip; <a href=\"https:\/\/www.atmf.org\/?p=7028\">Continue reading <span class=\"meta-nav\">&rarr;<\/span><\/a><\/p>\n","protected":false},"author":1,"featured_media":0,"comment_status":"closed","ping_status":"closed","sticky":false,"template":"","format":"standard","meta":{"ngg_post_thumbnail":0,"_monsterinsights_skip_tracking":false,"_monsterinsights_sitenote_active":false,"_monsterinsights_sitenote_note":"","_monsterinsights_sitenote_category":0,"footnotes":""},"categories":[82],"tags":[357,358,264,284,278,126,360,359],"class_list":["post-7028","post","type-post","status-publish","format-standard","hentry","category-communiques","tag-chibani-a-s","tag-desinformation","tag-dignite","tag-france","tag-justice","tag-maroc","tag-retraite","tag-soins"],"_links":{"self":[{"href":"https:\/\/www.atmf.org\/index.php?rest_route=\/wp\/v2\/posts\/7028","targetHints":{"allow":["GET"]}}],"collection":[{"href":"https:\/\/www.atmf.org\/index.php?rest_route=\/wp\/v2\/posts"}],"about":[{"href":"https:\/\/www.atmf.org\/index.php?rest_route=\/wp\/v2\/types\/post"}],"author":[{"embeddable":true,"href":"https:\/\/www.atmf.org\/index.php?rest_route=\/wp\/v2\/users\/1"}],"replies":[{"embeddable":true,"href":"https:\/\/www.atmf.org\/index.php?rest_route=%2Fwp%2Fv2%2Fcomments&post=7028"}],"version-history":[{"count":1,"href":"https:\/\/www.atmf.org\/index.php?rest_route=\/wp\/v2\/posts\/7028\/revisions"}],"predecessor-version":[{"id":7036,"href":"https:\/\/www.atmf.org\/index.php?rest_route=\/wp\/v2\/posts\/7028\/revisions\/7036"}],"wp:attachment":[{"href":"https:\/\/www.atmf.org\/index.php?rest_route=%2Fwp%2Fv2%2Fmedia&parent=7028"}],"wp:term":[{"taxonomy":"category","embeddable":true,"href":"https:\/\/www.atmf.org\/index.php?rest_route=%2Fwp%2Fv2%2Fcategories&post=7028"},{"taxonomy":"post_tag","embeddable":true,"href":"https:\/\/www.atmf.org\/index.php?rest_route=%2Fwp%2Fv2%2Ftags&post=7028"}],"curies":[{"name":"wp","href":"https:\/\/api.w.org\/{rel}","templated":true}]}}