{"id":8193,"date":"2021-04-30T08:51:46","date_gmt":"2021-04-30T06:51:46","guid":{"rendered":"http:\/\/www.atmf.org\/?p=8193"},"modified":"2021-05-01T10:42:01","modified_gmt":"2021-05-01T08:42:01","slug":"pour-la-memoire-de-brahim-bouarram","status":"publish","type":"post","link":"https:\/\/www.atmf.org\/?p=8193","title":{"rendered":"Pour la m\u00e9moire de Brahim BOUARRAM"},"content":{"rendered":"<p><strong>Pour la m\u00e9moire de toutes les victimes du racisme <\/strong><\/p>\n<p><strong>Pour un avenir de justice sociale,<\/strong><\/p>\n<p><strong>Combattons la politique du bouc \u00e9missaire<\/strong><strong>&nbsp;<\/strong><\/p>\n<p style=\"text-align: justify;\"><strong>Plus d\u2019un quart de si\u00e8cle, que nous n\u2019oublions point.&nbsp;<\/strong><\/p>\n<p style=\"text-align: justify;\"><strong>Plus d\u2019un <\/strong><strong>quart de si\u00e8cle,&nbsp;dont&nbsp;nous nous souvenons.&nbsp;<\/strong><\/p>\n<p style=\"text-align: justify;\"><strong>Pour ne pas effacer. Pour pr\u00e9venir. Pour agir.<\/strong><\/p>\n<p style=\"text-align: justify;\"><strong>Pour tenir vivace la flamme d\u2019un devoir de m\u00e9moire.<\/strong><\/p>\n<p style=\"text-align: justify;\"><strong>&nbsp;<\/strong><\/p>\n<p style=\"text-align: justify;\"><strong>Brahim BOUARRAM, a \u00e9t\u00e9 ex\u00e9cut\u00e9, jet\u00e9 dans la&nbsp;Seine&nbsp;par les mains de l\u2019extr\u00eame droite, un 1er mai 1995.<\/strong><\/p>\n<p style=\"text-align: justify;\"><strong>Plus d\u2019un quart de si\u00e8cle apr\u00e8s, nous nous devons et devons \u00e0 toutes et \u00e0 tous les Brahim, de combattre le processus de fascisation, lib\u00e9rateur des passages \u00e0 l\u2019acte des fanatiques de tout bord.<\/strong><\/p>\n<p style=\"text-align: justify;\"><strong>&nbsp;<\/strong><\/p>\n<p style=\"text-align: justify;\"><strong>Plus d\u2019un quart de si\u00e8cle apr\u00e8s, \u00e0 des fins de d\u00e9tournement des col\u00e8res sociales, les m\u00eames politiques de construction d\u2019un bouc \u00e9missaire d\u00e9sign\u00e9, sont toujours \u00e0 l\u2019\u0153uvre.<\/strong><\/p>\n<p style=\"text-align: justify;\"><strong>Le recours \u00e0 la stigmatisation des quartiers populaires et de l\u2019immigration, aux discours islamophobes, n\u2019est en rien une r\u00e9ponse \u00e0 la paup\u00e9risation et au d\u00e9classement social d\u2019une majorit\u00e9 de la population.<\/strong><\/p>\n<p style=\"text-align: justify;\"><strong>&nbsp;<\/strong><\/p>\n<p style=\"text-align: justify;\"><strong>Plus visibles, sont depuis la pand\u00e9mie, les cons\u00e9quences d\u00e9sastreuses des choix \u00e9conomiques et politiques men\u00e9s ainsi que celles du d\u00e9mant\u00e8lement des services publics. Aust\u00e9rit\u00e9 pour les m\u00eames et enrichissement scandaleux pour une petite minorit\u00e9 !<\/strong><\/p>\n<p style=\"text-align: justify;\"><strong>&nbsp;<\/strong><\/p>\n<p style=\"text-align: justify;\"><strong>Des milliards ont \u00e9t\u00e9 d\u00e9bloqu\u00e9s, mais pas pour tous. Seul 0,8 % du financement du plan de relance sera consacr\u00e9 aux plus pauvres, alors qu\u2019une grande partie des aides publiques sont all\u00e9es, sans condition, aux grandes entreprises du CAC 40. La finance est aux commandes !<\/strong><\/p>\n<p style=\"text-align: justify;\"><strong>R\u00e9duction des allocations pour \u00ab inciter les ch\u00f4meurs \u00e0 reprendre le travail \u00bb. Telle est la logique de la r\u00e9forme de l\u2019assurance ch\u00f4mage, qui entra\u00eenera une baisse de revenus de 15,15 millions de personnes, \u00e0 hauteur de 17%, dont les plus touch\u00e9s sont les pr\u00e9caires et les femmes. Une \u00e9conomie de 2,3 milliards par an, sur le dos des plus fragiles, des plus pr\u00e9caires !<\/strong><\/p>\n<p style=\"text-align: justify;\"><strong>Retirer aux plus pauvres pour donner aux plus riches.<\/strong><\/p>\n<p style=\"text-align: justify;\"><strong>A qui en incombent les responsabilit\u00e9s ?<\/strong><\/p>\n<p style=\"text-align: justify;\"><strong>N\u2019est-ce pas l\u00e0, le c\u0153ur de toutes les manifestations et revendications populaires ?<\/strong><\/p>\n<p style=\"text-align: justify;\"><strong>N\u2019est-ce pas l\u00e0, les raisons de la remise en cause de la l\u00e9gitimit\u00e9 des dominants ?<\/strong><\/p>\n<p style=\"text-align: justify;\"><strong>&nbsp;<\/strong><\/p>\n<p style=\"text-align: justify;\"><strong>La d\u00e9monstration n\u2019a-t-elle pas \u00e9t\u00e9 faite, qu\u2019il n\u2019y a nulle diff\u00e9rence de traitement entre fran\u00e7ais de diff\u00e9rentes origines, quand le \u00ab peuple d\u2019en bas \u00bb r\u00e9clame ses droits ?<\/strong><\/p>\n<p style=\"text-align: justify;\"><strong>&nbsp;<\/strong><\/p>\n<p style=\"text-align: justify;\"><strong>Les violences r\u00e9serv\u00e9es habituellement aux jeunes des quartiers populaires, n\u2019ont-elles pas vis\u00e9 aussi f\u00e9rocement les Gilets Jaunes et les manifestant-e-s contre la r\u00e9forme des retraites ?<\/strong><\/p>\n<p style=\"text-align: justify;\"><strong>&nbsp;<\/strong><\/p>\n<p style=\"text-align: justify;\"><strong>Le corollaire \u00e9vident de cette intense campagne id\u00e9ologique, politique et m\u00e9diatique portant sur l\u2019immigration, le communautarisme, le voile, le s\u00e9paratisme, le p\u00e9ril que repr\u00e9sente l\u2019islam de France, n\u2019est-il pas une reprise, et une banalisation du discours de la haine ?<\/strong><\/p>\n<p style=\"text-align: justify;\"><strong>&nbsp;<\/strong><\/p>\n<p style=\"text-align: justify;\"><strong>La gestion des mouvements sociaux par le recours aux trois composantes, id\u00e9ologique par le biais de la construction d\u2019un bouc \u00e9missaire d\u00e9voyant les col\u00e8res sociales, juridique en int\u00e9grant des mesures d\u2019exception dans le droit commun, et r\u00e9pressif en instaurant la doctrine de l\u2019ordre public, ne r\u00e9v\u00e8le-t-elle pas que le processus de fascisation ne se limite pas \u00e0 son aspect raciste, mais menace tous ceux qui s\u2019opposent aux politiques des dominants ?<\/strong><\/p>\n<p style=\"text-align: justify;\"><strong>&nbsp;<\/strong><\/p>\n<p style=\"text-align: justify;\"><strong>Le discours guerrier autour d\u2019un ennemi ext\u00e9rieur, le terrorisme, et un ennemi int\u00e9rieur, le s\u00e9paratisme, n\u2018a-t-il pas pour seul but de fabriquer une opinion publique qui adh\u00e8re \u00e0 cette guerre id\u00e9ologique, pendant qu\u2019une guerre contre les libert\u00e9s fondamentales, les droits \u00e9conomiques et sociaux des plus d\u00e9favoris\u00e9s est men\u00e9e \u00e0 pas de charge ?<\/strong><\/p>\n<p style=\"text-align: justify;\"><strong>&nbsp;<\/strong><\/p>\n<p style=\"text-align: justify;\"><strong>Ce processus de lep\u00e9nisation, dop\u00e9 notamment par le contexte des \u00e9lections pr\u00e9sidentielles, est le v\u00e9ritable danger, dans la mesure o\u00f9 il pr\u00e9pare le terrain \u00e0 l\u2019av\u00e8nement de l\u2019extr\u00eame droite et sa possible&nbsp;accession&nbsp;au pouvoir. Il ne faut pas s\u2019y tromper.<\/strong><\/p>\n<p style=\"text-align: justify;\"><strong>&nbsp;<\/strong><\/p>\n<p style=\"text-align: justify;\"><strong>Le Rassemblement National n\u2019est pas porteur de progr\u00e8s social, ni d\u2019\u00e9quit\u00e9, ni de s\u00e9curit\u00e9. Son projet n\u2019est pas anticapitaliste. Tout au contraire il reproche aux capitalistes de ne pas aller assez loin. Et s\u2019il n\u2019h\u00e9site pas aujourd\u2019hui \u00e0 s\u2019aligner sur des revendications populaires, c\u2019est par pure manipulation. Ses positions historiques le prouvent.<\/strong><\/p>\n<p style=\"text-align: justify;\"><strong>&nbsp;<\/strong><\/p>\n<p style=\"text-align: justify;\"><strong>Le fascisme est le d\u00e9mon du capitalisme. C\u2019est lui qui a assassin\u00e9 Brahim. Et c\u2019est lui qui vise l\u2019\u00e9touffement de toutes les aspirations port\u00e9es par les luttes sociales, dont celles des quartiers populaires.<\/strong><\/p>\n<p style=\"text-align: justify;\"><strong>&nbsp;<\/strong><\/p>\n<p style=\"text-align: justify;\"><strong>La politique du bouc \u00e9missaire est ce qui menace notre vie et plonge des milliers d\u2019entre nous dans la pr\u00e9carit\u00e9 et la mis\u00e8re, sans distinction aucune de nos origines. Et c\u2019est tous ensemble, domin\u00e9s, exploit\u00e9s, exclus, combattants de la justice sociale, que nous ferons reculer l\u2019ombre&nbsp;planante&nbsp;du fascisme.<\/strong><\/p>\n<p style=\"text-align: justify;\"><strong>&nbsp;<\/strong><\/p>\n<p style=\"text-align: justify;\"><strong>C\u2019est la base de l\u2019engagement que nous prenons en tant qu\u2019organisations, pour que la mort de Brahim Bouarram et de toutes les victimes du racisme rappelle \u00e0 tous que l\u2019histoire risque de se r\u00e9p\u00e9ter.<\/strong><\/p>\n<p style=\"text-align: justify;\"><strong>&nbsp;<\/strong><\/p>\n<p style=\"text-align: justify;\"><strong>Nous vous donnons rendez-vous l\u2019ann\u00e9e prochaine pour nous retrouver l\u00e0 o\u00f9 Brahim a \u00e9t\u00e9 assassin\u00e9, l\u00e0 o\u00f9 le devoir de m\u00e9moire continuera de vivre.<\/strong><\/p>\n<p><strong>&nbsp;<\/strong><\/p>\n<p><strong><u>Premiers signataires<\/u><\/strong><strong>&nbsp;<\/strong>:<\/p>\n<p><strong>ATMF, LDH<\/strong><strong>,<\/strong><strong> Femmes Plurielles<\/strong><strong>,<\/strong><strong> ASDHOM,<\/strong><strong> FTCR, ADTF, ATF, UTAC, CRLDHT,<\/strong> <strong>CEDETIM,<\/strong><strong> AFAPREDESA, ACDR, REMCC, UJFP, Femmes en luth citoyennes \u00e0 part enti\u00e8re, Le paria, FUIQP, FASTI, GISTI, L\u2019ACORT, Institut Mehdi Ben Barka-M\u00e9moire Vivante, La Horde, APCV, AMF, Union Syndicale Solidaires<\/strong><\/p>\n<p><strong>PEPS &#8211; Pour une Ecologie Populaire et Sociale<\/strong><\/p>\n","protected":false},"excerpt":{"rendered":"<p>Pour la m\u00e9moire de toutes les victimes du racisme Pour un avenir de justice sociale, Combattons la politique du bouc \u00e9missaire&nbsp; Plus d\u2019un quart de si\u00e8cle, que nous n\u2019oublions point.&nbsp; Plus d\u2019un quart de si\u00e8cle,&nbsp;dont&nbsp;nous nous souvenons.&nbsp; Pour ne pas &hellip; <a href=\"https:\/\/www.atmf.org\/?p=8193\">Continue reading <span class=\"meta-nav\">&rarr;<\/span><\/a><\/p>\n","protected":false},"author":1,"featured_media":8194,"comment_status":"closed","ping_status":"closed","sticky":false,"template":"","format":"standard","meta":{"ngg_post_thumbnail":0,"_monsterinsights_skip_tracking":false,"_monsterinsights_sitenote_active":false,"_monsterinsights_sitenote_note":"","_monsterinsights_sitenote_category":0,"footnotes":""},"categories":[82],"tags":[393,194,328,434,435,116],"class_list":["post-8193","post","type-post","status-publish","format-standard","has-post-thumbnail","hentry","category-communiques","tag-1er-mai","tag-brahim-bouarram","tag-extreme-droite","tag-fascisme","tag-quartiers-populaires","tag-racisme"],"_links":{"self":[{"href":"https:\/\/www.atmf.org\/index.php?rest_route=\/wp\/v2\/posts\/8193","targetHints":{"allow":["GET"]}}],"collection":[{"href":"https:\/\/www.atmf.org\/index.php?rest_route=\/wp\/v2\/posts"}],"about":[{"href":"https:\/\/www.atmf.org\/index.php?rest_route=\/wp\/v2\/types\/post"}],"author":[{"embeddable":true,"href":"https:\/\/www.atmf.org\/index.php?rest_route=\/wp\/v2\/users\/1"}],"replies":[{"embeddable":true,"href":"https:\/\/www.atmf.org\/index.php?rest_route=%2Fwp%2Fv2%2Fcomments&post=8193"}],"version-history":[{"count":4,"href":"https:\/\/www.atmf.org\/index.php?rest_route=\/wp\/v2\/posts\/8193\/revisions"}],"predecessor-version":[{"id":8198,"href":"https:\/\/www.atmf.org\/index.php?rest_route=\/wp\/v2\/posts\/8193\/revisions\/8198"}],"wp:featuredmedia":[{"embeddable":true,"href":"https:\/\/www.atmf.org\/index.php?rest_route=\/wp\/v2\/media\/8194"}],"wp:attachment":[{"href":"https:\/\/www.atmf.org\/index.php?rest_route=%2Fwp%2Fv2%2Fmedia&parent=8193"}],"wp:term":[{"taxonomy":"category","embeddable":true,"href":"https:\/\/www.atmf.org\/index.php?rest_route=%2Fwp%2Fv2%2Fcategories&post=8193"},{"taxonomy":"post_tag","embeddable":true,"href":"https:\/\/www.atmf.org\/index.php?rest_route=%2Fwp%2Fv2%2Ftags&post=8193"}],"curies":[{"name":"wp","href":"https:\/\/api.w.org\/{rel}","templated":true}]}}