{"id":8302,"date":"2021-07-16T10:19:35","date_gmt":"2021-07-16T08:19:35","guid":{"rendered":"http:\/\/www.atmf.org\/?p=8302"},"modified":"2021-07-16T10:29:12","modified_gmt":"2021-07-16T08:29:12","slug":"urgence-la-vie-du-journaliste-marocain-soulayman-raissouni-est-en-danger","status":"publish","type":"post","link":"https:\/\/www.atmf.org\/?p=8302","title":{"rendered":"URGENCE : la vie du journaliste marocain Soulayman RAISSOUNI est en DANGER"},"content":{"rendered":"<p class=\"_04xlpA direction-ltr align-justify para-style-body\" style=\"text-align: justify;\"><span class=\"JsGRdQ\">A tous les \u00e9lus de la R\u00e9publique Fran\u00e7aise \u00e9pris de libert\u00e9 et de justice.<\/span><\/p>\n<p class=\"_04xlpA direction-ltr align-justify para-style-body\" style=\"text-align: justify;\"><span class=\"JsGRdQ\">A toute voie qui d\u00e9fend les libert\u00e9s d\u2019opinion et de la presse.<\/span><\/p>\n<h1 class=\"_04xlpA direction-ltr align-justify para-style-body\" style=\"text-align: justify;\"><span style=\"color: #ff0000;\"><span class=\"JsGRdQ\">Le journaliste marocain Soulayman RAISSOUNI, en gr\u00e8ve de la faim depuis <\/span><span class=\"JsGRdQ\">100 jours<\/span><span class=\"JsGRdQ\">, est en train de vivre ses derni\u00e8res heures.<\/span><\/span><\/h1>\n<h2 class=\"_04xlpA direction-ltr align-justify para-style-body\" style=\"text-align: justify;\"><strong><span class=\"JsGRdQ\">VOUS POUVEZ SAUVER SA VIE<\/span><\/strong><\/h2>\n<p class=\"_04xlpA direction-ltr align-justify para-style-body\" style=\"text-align: justify;\"><span class=\"JsGRdQ\">En intervenant aupr\u00e8s du Pr\u00e9sident de la R\u00e9publique, afin de saisir les autorit\u00e9s marocaines pour demander le transfert imm\u00e9diat de Soulayman \u00e0 l\u2019h\u00f4pital, pour mettre fin \u00e0 son incarc\u00e9ration arbitraire.<\/span><\/p>\n<p style=\"text-align: justify;\">&nbsp;<\/p>\n<p class=\"_04xlpA direction-ltr align-justify para-style-body\" style=\"text-align: justify;\"><em><span class=\"JsGRdQ\">En rompant le silence coupable de la France vis-\u00e0-vis de l\u2019aggravation de la situation des droits de l\u2019homme au Maroc, alors que des voies officielles au niveau international d\u00e9noncent l\u2019inacceptable.<\/span><\/em><\/p>\n<p class=\"_04xlpA direction-ltr align-justify para-style-body\" style=\"text-align: justify;\"><em><span class=\"JsGRdQ\">Les avocats Abderahmen BEN AMROU, Abderrahim BARRADA et Abderrahim JAMAI se sont adress\u00e9s, au pr\u00e9sident de la Haute Assembl\u00e9e du pouvoir judiciaire, dans une lettre dat\u00e9e du 13 juillet 2021, ayant pour objet \u00ab Une demande urgente \u00bb, dans les termes suivants :<\/span><\/em><\/p>\n<p class=\"_04xlpA direction-ltr align-justify para-style-body\" style=\"text-align: justify;\"><em><span class=\"JsGRdQ\">\u00ab La vie de Monsieur Soulaymane RAISSOUNI, d\u00e9tenu \u00e0 la prison de Ain SEBAA, \u00e0 Casablanca, est menac\u00e9e d\u2019une heure \u00e0 l\u2019autre.<\/span><\/em><\/p>\n<p class=\"_04xlpA direction-ltr align-justify para-style-body\" style=\"text-align: justify;\"><em><span class=\"JsGRdQ\">Le pouvoir judiciaire porte la responsabilit\u00e9 de son maintien en vie et de son devenir. Elle se doit d\u2019intervenir rapidement et sans tarder ou attendre. La situation exige au regard son \u00e9tat de le transf\u00e9rer imm\u00e9diatement et en toute urgence \u00e0 l\u2019h\u00f4pital pour recevoir les soins n\u00e9cessaires pour le sauver. \u00bb<\/span><\/em><\/p>\n<p>&nbsp;<\/p>\n<p style=\"text-align: right;\">ATMF 16.07.2021<\/p>\n<p><a href=\"http:\/\/www.atmf.org\/wp-content\/uploads\/2021\/07\/URGENCE-la-vie-du-journaliste-marocain-Soulayman-RAISSOUNI-est-en-DANGER.png\"><img loading=\"lazy\" decoding=\"async\" class=\"aligncenter size-full wp-image-8305\" src=\"http:\/\/www.atmf.org\/wp-content\/uploads\/2021\/07\/URGENCE-la-vie-du-journaliste-marocain-Soulayman-RAISSOUNI-est-en-DANGER.png\" alt=\"\" width=\"1414\" height=\"2000\" data-wp-pid=\"8305\" srcset=\"https:\/\/www.atmf.org\/wp-content\/uploads\/2021\/07\/URGENCE-la-vie-du-journaliste-marocain-Soulayman-RAISSOUNI-est-en-DANGER.png 1414w, https:\/\/www.atmf.org\/wp-content\/uploads\/2021\/07\/URGENCE-la-vie-du-journaliste-marocain-Soulayman-RAISSOUNI-est-en-DANGER-212x300.png 212w, https:\/\/www.atmf.org\/wp-content\/uploads\/2021\/07\/URGENCE-la-vie-du-journaliste-marocain-Soulayman-RAISSOUNI-est-en-DANGER-768x1086.png 768w, https:\/\/www.atmf.org\/wp-content\/uploads\/2021\/07\/URGENCE-la-vie-du-journaliste-marocain-Soulayman-RAISSOUNI-est-en-DANGER-724x1024.png 724w, https:\/\/www.atmf.org\/wp-content\/uploads\/2021\/07\/URGENCE-la-vie-du-journaliste-marocain-Soulayman-RAISSOUNI-est-en-DANGER-800x1132.png 800w\" sizes=\"auto, (max-width: 1414px) 100vw, 1414px\" \/><\/a><\/p>\n<p>&nbsp;<\/p>\n","protected":false},"excerpt":{"rendered":"<p>A tous les \u00e9lus de la R\u00e9publique Fran\u00e7aise \u00e9pris de libert\u00e9 et de justice. A toute voie qui d\u00e9fend les libert\u00e9s d\u2019opinion et de la presse. Le journaliste marocain Soulayman RAISSOUNI, en gr\u00e8ve de la faim depuis 100 jours, est &hellip; <a href=\"https:\/\/www.atmf.org\/?p=8302\">Continue reading <span class=\"meta-nav\">&rarr;<\/span><\/a><\/p>\n","protected":false},"author":1,"featured_media":8306,"comment_status":"closed","ping_status":"closed","sticky":false,"template":"","format":"standard","meta":{"ngg_post_thumbnail":0,"_monsterinsights_skip_tracking":false,"_monsterinsights_sitenote_active":false,"_monsterinsights_sitenote_note":"","_monsterinsights_sitenote_category":0,"footnotes":""},"categories":[79,5],"tags":[354,455,126,454,456],"class_list":["post-8302","post","type-post","status-publish","format-standard","has-post-thumbnail","hentry","category-maghreb","category-solidarite-internationale","tag-greve-de-la-faim","tag-journaliste","tag-maroc","tag-soulayman-raissouni","tag-vie-en-danger"],"_links":{"self":[{"href":"https:\/\/www.atmf.org\/index.php?rest_route=\/wp\/v2\/posts\/8302","targetHints":{"allow":["GET"]}}],"collection":[{"href":"https:\/\/www.atmf.org\/index.php?rest_route=\/wp\/v2\/posts"}],"about":[{"href":"https:\/\/www.atmf.org\/index.php?rest_route=\/wp\/v2\/types\/post"}],"author":[{"embeddable":true,"href":"https:\/\/www.atmf.org\/index.php?rest_route=\/wp\/v2\/users\/1"}],"replies":[{"embeddable":true,"href":"https:\/\/www.atmf.org\/index.php?rest_route=%2Fwp%2Fv2%2Fcomments&post=8302"}],"version-history":[{"count":3,"href":"https:\/\/www.atmf.org\/index.php?rest_route=\/wp\/v2\/posts\/8302\/revisions"}],"predecessor-version":[{"id":8307,"href":"https:\/\/www.atmf.org\/index.php?rest_route=\/wp\/v2\/posts\/8302\/revisions\/8307"}],"wp:featuredmedia":[{"embeddable":true,"href":"https:\/\/www.atmf.org\/index.php?rest_route=\/wp\/v2\/media\/8306"}],"wp:attachment":[{"href":"https:\/\/www.atmf.org\/index.php?rest_route=%2Fwp%2Fv2%2Fmedia&parent=8302"}],"wp:term":[{"taxonomy":"category","embeddable":true,"href":"https:\/\/www.atmf.org\/index.php?rest_route=%2Fwp%2Fv2%2Fcategories&post=8302"},{"taxonomy":"post_tag","embeddable":true,"href":"https:\/\/www.atmf.org\/index.php?rest_route=%2Fwp%2Fv2%2Ftags&post=8302"}],"curies":[{"name":"wp","href":"https:\/\/api.w.org\/{rel}","templated":true}]}}