{"id":8449,"date":"2022-01-29T20:45:30","date_gmt":"2022-01-29T19:45:30","guid":{"rendered":"http:\/\/www.atmf.org\/?p=8449"},"modified":"2022-01-30T10:52:43","modified_gmt":"2022-01-30T09:52:43","slug":"commemoraction-du-6-fevrier-2022-migrer-est-un-droit-rassemblement-a-strasbourg-5-fevrier-2022","status":"publish","type":"post","link":"https:\/\/www.atmf.org\/?p=8449","title":{"rendered":"Comm\u00e9morAction du 6 f\u00e9vrier 2022 &#8211; Migrer est un droit ! Rassemblement \u00e0 Strasbourg 5 f\u00e9vrier 2022"},"content":{"rendered":"<p style=\"text-align: justify;\">[Appel collectif \u00e0 mobilisations dans plusieurs pays \u00e0 l\u2019occasion de la journ\u00e9e mondiale de lutte contre le r\u00e9gime de mort aux fronti\u00e8res et pour exiger la v\u00e9rit\u00e9, la justice et la r\u00e9paration pour les victimes de la migration et leurs familles]\n<p style=\"text-align: justify;\"><a href=\"http:\/\/www.atmf.org\/wp-content\/uploads\/2022\/01\/logo_francais_commemoraction-2-d4d37-33a08.jpg\"><img loading=\"lazy\" decoding=\"async\" class=\"aligncenter size-full wp-image-8450\" src=\"http:\/\/www.atmf.org\/wp-content\/uploads\/2022\/01\/logo_francais_commemoraction-2-d4d37-33a08.jpg\" alt=\"\" width=\"783\" height=\"216\" data-wp-pid=\"8450\"><\/a><\/p>\n<p style=\"text-align: justify;\">Journ\u00e9e mondiale de lutte contre le r\u00e9gime de mort aux fronti\u00e8res et pour exiger&nbsp;la v\u00e9rit\u00e9, la justice et la r\u00e9paration pour les victimes de la migration et leurs familles&nbsp;Nous sommes parents, amis et amies de personnes d\u00e9c\u00e9d\u00e9es, port\u00e9es disparues et\/ou victimes de&nbsp;disparitions forc\u00e9es le long des fronti\u00e8res terrestres ou maritimes, en Europe, en Afrique, en Am\u00e9rique.<\/p>\n<p style=\"text-align: justify;\">Nous sommes des personnes qui ont surv\u00e9cu \u00e0 la tentative de traverser les fronti\u00e8res \u00e0 la recherche d\u2019un&nbsp;avenir meilleur.<br \/>\nNous sommes des citoyen.e.s solidaires qui aident les immigr\u00e9.e.s durant leur voyage en fournissant une&nbsp;aide m\u00e9dicale, de la nourriture, des v\u00eatements et un soutien lorsqu\u2019ils se trouvent dans des situations&nbsp;dangereuses pour que leur voyage ait une bonne fin.<br \/>\nNous sommes des activistes qui ont recueilli les voix de ces immigr\u00e9s et de ces immigr\u00e9es avant leur&nbsp;disparition, qui s\u2019efforcent d\u2019identifier les corps anonymes dans les zones frontali\u00e8res et qui leur donnent&nbsp;une s\u00e9pulture digne.<\/p>\n<p style=\"text-align: justify;\">Nous sommes une grande famille qui n\u2019a ni fronti\u00e8res ni nationalit\u00e9, une grande famille qui lutte contre les&nbsp;r\u00e9gimes de mort impos\u00e9s \u00e0 toutes les fronti\u00e8res du monde et qui se bat pour affirmer le droit de migrer, la&nbsp;libert\u00e9 de circulation et la justice globale pour tous et toutes.<\/p>\n<p style=\"text-align: justify;\">Ann\u00e9e apr\u00e8s ann\u00e9e, nous assistons aux massacres en cours aux fronti\u00e8res et dans les lieux de d\u00e9tention&nbsp;con\u00e7us pour d\u00e9courager les d\u00e9parts des personnes migrantes. Nous ne pouvons pas oublier ces victimes !<br \/>\nNous ne voulons pas rester silencieux face \u00e0 ce qui se passe !<\/p>\n<p style=\"text-align: justify;\">C\u2019est pourquoi nous avons d\u00e9cid\u00e9 d\u2019unir nos forces, dans le respect des diversit\u00e9s individuelles, pour&nbsp;d\u00e9noncer la violence mortelle des r\u00e9gimes frontaliers du monde et pour comm\u00e9morer les personnes&nbsp;d\u00e9c\u00e9d\u00e9es, dispers\u00e9es et\/ou victimes de disparitions forc\u00e9es en mer M\u00e9diterran\u00e9e, au Sahara, le long de la&nbsp;route balkanique, \u00e0 la Fronti\u00e8re Sud mexicaine, dans le d\u00e9sert d\u2019Arizona et partout dans le monde.<\/p>\n<p style=\"text-align: justify;\">Nous accusons les responsables de ce g\u00e9nocide en cours : les gouvernements qui, en militarisant le contr\u00f4le&nbsp;des fronti\u00e8res int\u00e9rieures et ext\u00e9rieures, rendent de plus en plus dangereuses les routes migratoires.<\/p>\n<p style=\"text-align: justify;\">Le 6 f\u00e9vrier 2014, la police espagnole des fronti\u00e8res a massacr\u00e9 au moins 15 personnes qui tentaient de&nbsp;traverser la fronti\u00e8re vers l\u2019enclave espagnole de Ceuta. Apr\u00e8s des ann\u00e9es de contentieux juridique, les&nbsp;tribunaux espagnols ont acquitt\u00e9 les agents de la Guardia Civil en affirmant qu\u2019aucun crime n\u2019avait \u00e9t\u00e9&nbsp;commis.<\/p>\n<p style=\"text-align: justify;\">Aucune justice n\u2019a encore \u00e9t\u00e9 rendue aux victimes et \u00e0 leurs familles !<\/p>\n<p style=\"text-align: justify;\">Le 6 f\u00e9vrier 2020, des groupes de familles de migrants d\u00e9c\u00e9d\u00e9s, disparus et\/ou victimes de disparitions&nbsp;forc\u00e9es se sont rencontr\u00e9s \u00e0 Oujda pour la premi\u00e8re journ\u00e9e de Comm\u00e9morAction des victimes de&nbsp;l\u2019immigration et de d\u00e9nonciation de la violence aux fronti\u00e8res.<\/p>\n<p style=\"text-align: justify;\">Le massacre de Tarajal est le symbole de ce qui se passe chaque jour depuis plus de 20 ans : victimes sans&nbsp;justice, tombes sans nom, fronti\u00e8res sans droits, c\u2019est pourquoi nous avons d\u00e9cid\u00e9 \u00e0 Oujda de continuer le&nbsp;parcours des comm\u00e9morations, chaque ann\u00e9e le 6 f\u00e9vrier, pour transformer la douleur en action collective.<\/p>\n<p style=\"text-align: justify;\">Nous demandons \u00e0 toutes les organisations sociales et politiques, la\u00efques et religieuses, aux groupes et&nbsp;collectifs des familles des victimes de la migration, aux citoyens et citoyennes de tous les pays du monde&nbsp;d\u2019organiser des actions de protestation et de sensibilisation \u00e0 cette situation.<\/p>\n<p style=\"text-align: justify;\">Nous vous invitons \u00e0 utiliser le logo ci-dessus, ainsi que vos propres logos, comme \u00e9l\u00e9ment pour souligner le&nbsp;lien entre toutes les diff\u00e9rentes initiatives. Tous les \u00e9v\u00e9nements qui auront lieu seront publi\u00e9s sur la page&nbsp;Facebook Commemor-Action.<\/p>\n<p style=\"text-align: justify;\">Nous faisons appel aux r\u00e9seaux qui, depuis de nombreuses ann\u00e9es, organisent des \u00e9v\u00e9nements \u00e0 l\u2019occasion&nbsp;du massacre de Tarajal, pour unir nos forces et relier les diff\u00e9rentes initiatives afin que le 6 f\u00e9vrier puisse se&nbsp;transformer en une Journ\u00e9e mondiale de lutte contre le r\u00e9gime de mort aux fronti\u00e8res et pour exiger la&nbsp;v\u00e9rit\u00e9, la justice et la r\u00e9paration pour les victimes de la migration et leurs familles.<\/p>\n<p style=\"text-align: center;\"><strong>Migrer pour vivre, pas pour mourir !<\/strong><\/p>\n<p style=\"text-align: center;\"><strong>Ce sont des personnes qui ne sont pas des chiffres !<\/strong><\/p>\n<p style=\"text-align: center;\"><strong>Libert\u00e9 de mouvement pour tous et toutes !<\/strong><\/p>\n<p>Pour adh\u00e9rer \u00e0 l&rsquo;appel, vous pouvez \u00e9crire \u00e0 : globalcommemoraction@gmail.com<\/p>\n<p>Adh\u00e9sions:<br \/>\nAssociation Solidarit\u00e9 et Sensibilisation des Familles de Migrants du Cameroun &#8211; Cameroun<br \/>\nAssociations des m\u00e8res des migrants disparu -Tunisie<br \/>\nCollectif des familles des disparues r\u00e9gion Oujda.Maroc<br \/>\nProject Missing at the borders<br \/>\nAlarm Phone<br \/>\nAlarm Phone Sahara<br \/>\nMilano senza Frontiere \u2013 Italia<br \/>\nAssociation d\u2019aide des migrants en situation vuln\u00e9rable \u2013 Oujda &#8211; Maroc<br \/>\nCommunaut\u00e9 des migrants\/tes Sub-sahariens Union africain Oujda &#8211; Maroc<br \/>\nAssociazione Arci Todo Cambia \u2013 Italia<br \/>\nAssociation Pateras de la vida Larache \u2013 Maroc<br \/>\nAssociation Marocaine des Droits Humaine &#8211; Maroc<br \/>\nD\u2019ailleurs nous sommes d\u2019ici 67 &#8211; France<br \/>\nWagon souk, Strasbourg &#8211; France.<br \/>\nMama Road, strasbourg &#8211; France<br \/>\nAssociation des Travailleurs Maghr\u00e9bins de France<br \/>\nNouveau Parti Anticapitaliste 67 \u2013 France<br \/>\nCommunaut\u00e9 des migrants\/tes Sub-sahariens Union africain Oujda \/Maroc<br \/>\nConfederaci\u00f3n General del Trabajo CGT \u201cAcci\u00f3n social\u201d Digmun Ceuta<br \/>\n\u00c9quipe Paris d&rsquo;Exil<br \/>\nGroupe de recherche et D&rsquo;actions sur les migrations Mali \u00a0\u00bb GRAM\u00a0\u00bb<br \/>\nAssociation Abarek\u00e0 Nandree<br \/>\nAssociazione Energia per i Diritti Umani &#8211; Italia<br \/>\n\u00c9nergie pour les Droits de L&rsquo;homme \u2013 Senegal<br \/>\nRefugee Info Bus &#8211; UK<br \/>\nCollectif Faim aux Fronti\u00e8res \u2013 France<br \/>\nAssociation Maghreb Fraternit\u00e9 \u2013 Tunisie<br \/>\nAll Included Amsterdam<br \/>\n\u201cShanti\u201d de Calais \u2013 France<br \/>\nBoza FII \u2013 Dakar \u2013 Senegal<br \/>\nR\u00e9seau ouest africain pour la protection des droits des migrants demandeurs d&rsquo;asile et de la libert\u00e9 de<br \/>\ncirculation ROA\/PRODMAC<br \/>\nLe Veglie Contro le Morti in Mare &#8211; Italia<br \/>\nAssociation Alsace-Syrie \u2013 Strasbourg &#8211; France<br \/>\nAfrique-Europe Interact<br \/>\nAssociation \u00ab\u00a0Village Du Migrant\u201d &#8211; Senegal<br \/>\nAssociation Calais Food Collective \u2013 France<br \/>\ntransform! Italia<br \/>\nCoordination Utopia 56 \u2013 France<br \/>\nMani Rosse Antirazziste<br \/>\nOngd AFRICANDO Gran Canaria &#8211; Espa\u00f1a<br \/>\nCarovane Migranti Italia<br \/>\nPartito della Rifondazione Comunista &#8211; Sinistra Europea<br \/>\nAssociazione Diritti e Frontiere, ADIF \u2013 Italia<br \/>\nAssociazione Nabad-progetto SMM Italia<br \/>\nRete antirazzista catanese Italia<br \/>\nTribunal Internacional de Conciencia de los Pueblos en Movimiento<br \/>\nWitness at the Border\/Testigos en La Frontera<br \/>\nDiaspora D\u00e9veloppement Education Migration &#8211; DIADEM S\u00e9n\u00e9gal<br \/>\nParable of the Sower Intentional Community Cooperative &#8211; USA<br \/>\nAssociazione Per i diritti umani &#8211; Italia<br \/>\nNazione Umana Varese &#8211; Italia<br \/>\nR\u00e9seau Education Sans Fronti\u00e8res de la Vienne<br \/>\nTous Migrants<br \/>\nAssociation EnZO (les enfants de Zellidja et de l&rsquo;Oriental)<br \/>\nPlataforma Personas Refugiadas M\u00e9rida &#8211; Espa\u00f1a<br \/>\nBorderline-europe Menschenrechte ohne Grenzen e.V. &#8211; Deutschland<br \/>\nCollectif poitevin D&rsquo;ailleurs Nous Sommes d&rsquo;Ici<br \/>\nAssociation Salam Nord\/Pas-de- Calais &#8211; France<br \/>\nAMATRAMI \u2013 France<br \/>\nAssociazione Baia del re &#8211; Milano \u2013 Italia<br \/>\nFasti &#8211; F\u00e9d\u00e9ration des associations de solidarit\u00e9 avec tou-te-s les immigr\u00e9-e-s \u2013 France<br \/>\nAssociation Collective Aid &#8211; Calais &#8211; France<br \/>\nAssociazione Evelina De Magistris &#8211; Livorno &#8211; Italia<br \/>\nChannel Rescue &#8211; Britain<br \/>\nObservatoire Migrants en d\u00e9tresse \u2013 Niamey<br \/>\nAssociation des jeunes Rapatri\u00e9es de Thiaroye sur-mer (AJRAP) Senegal<br \/>\nAssociation fraternit\u00e9 Maghrebian<br \/>\nAssociation mouvement uplited african( M.U.A) Maroc<br \/>\nCroix Rouge S\u00e9n\u00e9galaise (CRS)<br \/>\nF\u00e9d\u00e9ration des Associations des S\u00e9n\u00e9galais \u00c9migr\u00e9s de Retour FASER \u2013 S\u00e9n\u00e9gal<br \/>\nYen A Marre &#8211; S\u00e9n\u00e9gal<br \/>\nRed Solidaria de Acogida Madrid &#8211; Espa\u00f1a<br \/>\nGASPROM (Groupe d&rsquo;Accueil, de Solidarit\u00e9, de Partage, de R\u00e9volte, pour l&rsquo;Ouverture du Monde et des<br \/>\nFronti\u00e8res) &#8211; Nantes France<\/p>\n<p>Collectif Pour Une Autre Politique Migratoire (Strasbourg-France)<\/p>\n<hr>\n<h1 style=\"text-align: center;\"><span style=\"color: #ff0000;\"><strong>Rassemblement&nbsp;<\/strong><\/span><\/h1>\n<h1 class=\"_04xlpA direction-ltr align-center para-style-title\" style=\"text-align: center;\"><span style=\"color: #ff0000;\"><strong><span class=\"JsGRdQ\">Place Corbeau \/&nbsp;<\/span><\/strong><\/span><span style=\"color: #ff0000;\"><strong><span class=\"JsGRdQ\">Quai des Bateliers<\/span><\/strong><\/span><\/h1>\n<h1 class=\"_04xlpA direction-ltr align-center para-style-title\" style=\"text-align: center;\"><span style=\"color: #ff0000;\"><strong><span class=\"JsGRdQ\">Strasbourg-France<\/span><\/strong><\/span><\/h1>\n<h1 class=\"_04xlpA direction-ltr align-center para-style-title\" style=\"text-align: center;\"><span style=\"color: #ff0000;\"><strong><span class=\"JsGRdQ\">Samedi 5 f\u00e9vrier 2022<\/span><\/strong><\/span><\/h1>\n<h1 class=\"_04xlpA direction-ltr align-center para-style-title\" style=\"text-align: center;\"><span style=\"color: #ff0000;\"><strong><span class=\"JsGRdQ\">15h<\/span><\/strong><\/span><\/h1>\n<hr>\n<p>&nbsp;<\/p>\n<p><a href=\"http:\/\/www.atmf.org\/wp-content\/uploads\/2022\/01\/Comm\u00e9moraction-6-f\u00e9vrier-2022-Strasbourg-cadre.png\"><img loading=\"lazy\" decoding=\"async\" class=\"aligncenter size-full wp-image-8459\" src=\"http:\/\/www.atmf.org\/wp-content\/uploads\/2022\/01\/Comm\u00e9moraction-6-f\u00e9vrier-2022-Strasbourg-cadre.png\" alt=\"\" width=\"1587\" height=\"2245\" data-wp-pid=\"8459\" srcset=\"https:\/\/www.atmf.org\/wp-content\/uploads\/2022\/01\/Comm\u00e9moraction-6-f\u00e9vrier-2022-Strasbourg-cadre.png 1587w, https:\/\/www.atmf.org\/wp-content\/uploads\/2022\/01\/Comm\u00e9moraction-6-f\u00e9vrier-2022-Strasbourg-cadre-212x300.png 212w, https:\/\/www.atmf.org\/wp-content\/uploads\/2022\/01\/Comm\u00e9moraction-6-f\u00e9vrier-2022-Strasbourg-cadre-768x1086.png 768w, https:\/\/www.atmf.org\/wp-content\/uploads\/2022\/01\/Comm\u00e9moraction-6-f\u00e9vrier-2022-Strasbourg-cadre-724x1024.png 724w, https:\/\/www.atmf.org\/wp-content\/uploads\/2022\/01\/Comm\u00e9moraction-6-f\u00e9vrier-2022-Strasbourg-cadre-800x1132.png 800w\" sizes=\"auto, (max-width: 1587px) 100vw, 1587px\" \/><\/a><\/p>\n","protected":false},"excerpt":{"rendered":"<p>[Appel collectif \u00e0 mobilisations dans plusieurs pays \u00e0 l\u2019occasion de la journ\u00e9e mondiale de lutte contre le r\u00e9gime de mort aux fronti\u00e8res et pour exiger la v\u00e9rit\u00e9, la justice et la r\u00e9paration pour les victimes de la migration et leurs &hellip; <a href=\"https:\/\/www.atmf.org\/?p=8449\">Continue reading <span class=\"meta-nav\">&rarr;<\/span><\/a><\/p>\n","protected":false},"author":1,"featured_media":8450,"comment_status":"closed","ping_status":"closed","sticky":false,"template":"","format":"standard","meta":{"ngg_post_thumbnail":0,"_monsterinsights_skip_tracking":false,"_monsterinsights_sitenote_active":false,"_monsterinsights_sitenote_note":"","_monsterinsights_sitenote_category":0,"footnotes":""},"categories":[105],"tags":[478,477,132],"class_list":["post-8449","post","type-post","status-publish","format-standard","has-post-thumbnail","hentry","category-strasbourg","tag-6-fevrier-2014","tag-commemoraction","tag-migrants"],"_links":{"self":[{"href":"https:\/\/www.atmf.org\/index.php?rest_route=\/wp\/v2\/posts\/8449","targetHints":{"allow":["GET"]}}],"collection":[{"href":"https:\/\/www.atmf.org\/index.php?rest_route=\/wp\/v2\/posts"}],"about":[{"href":"https:\/\/www.atmf.org\/index.php?rest_route=\/wp\/v2\/types\/post"}],"author":[{"embeddable":true,"href":"https:\/\/www.atmf.org\/index.php?rest_route=\/wp\/v2\/users\/1"}],"replies":[{"embeddable":true,"href":"https:\/\/www.atmf.org\/index.php?rest_route=%2Fwp%2Fv2%2Fcomments&post=8449"}],"version-history":[{"count":7,"href":"https:\/\/www.atmf.org\/index.php?rest_route=\/wp\/v2\/posts\/8449\/revisions"}],"predecessor-version":[{"id":8460,"href":"https:\/\/www.atmf.org\/index.php?rest_route=\/wp\/v2\/posts\/8449\/revisions\/8460"}],"wp:featuredmedia":[{"embeddable":true,"href":"https:\/\/www.atmf.org\/index.php?rest_route=\/wp\/v2\/media\/8450"}],"wp:attachment":[{"href":"https:\/\/www.atmf.org\/index.php?rest_route=%2Fwp%2Fv2%2Fmedia&parent=8449"}],"wp:term":[{"taxonomy":"category","embeddable":true,"href":"https:\/\/www.atmf.org\/index.php?rest_route=%2Fwp%2Fv2%2Fcategories&post=8449"},{"taxonomy":"post_tag","embeddable":true,"href":"https:\/\/www.atmf.org\/index.php?rest_route=%2Fwp%2Fv2%2Ftags&post=8449"}],"curies":[{"name":"wp","href":"https:\/\/api.w.org\/{rel}","templated":true}]}}