{"id":8554,"date":"2022-06-27T11:12:06","date_gmt":"2022-06-27T09:12:06","guid":{"rendered":"http:\/\/www.atmf.org\/?p=8554"},"modified":"2022-06-27T22:15:47","modified_gmt":"2022-06-27T20:15:47","slug":"bilan-provisoire-dun-carnage-sans-nom","status":"publish","type":"post","link":"https:\/\/www.atmf.org\/?p=8554","title":{"rendered":"Bilan provisoire d\u2019un carnage sans nom"},"content":{"rendered":"<h3 class=\"_04xlpA direction-ltr align-center para-style-subtitle\" style=\"text-align: center;\"><span class=\"JsGRdQ\">Le 24 juin, \u00e0 21h, 27 corps gisent sans vie, \u00e0 l\u2019h\u00f4pital de Nador au Maroc<\/span><\/h3>\n<h3 class=\"_04xlpA direction-ltr align-center para-style-subtitle\" style=\"text-align: center;\"><span class=\"JsGRdQ\">27 migrants assassin\u00e9s, 27 vies arrach\u00e9es<\/span><\/h3>\n<p class=\"_04xlpA direction-ltr align-justify para-style-subtitle\" style=\"text-align: justify;\"><span class=\"JsGRdQ\">Et d\u2019autres entre la vie et la mort<\/span><\/p>\n<p class=\"_04xlpA direction-ltr align-justify para-style-subtitle\" style=\"text-align: justify;\"><span class=\"JsGRdQ\">Un nombre inconnu de bless\u00e9s laiss\u00e9s agonir sans secours<\/span><\/p>\n<p class=\"_04xlpA direction-ltr align-justify para-style-subtitle\" style=\"text-align: justify;\"><span class=\"JsGRdQ\">Un traitement d\u2019une sauvagerie sans nom<\/span><\/p>\n<p class=\"_04xlpA direction-ltr align-justify para-style-subtitle\" style=\"text-align: justify;\"><span class=\"JsGRdQ\">Que les images, Que les vid\u00e9os parlent<\/span><\/p>\n<p class=\"_04xlpA direction-ltr align-justify para-style-subtitle\" style=\"text-align: justify;\"><span class=\"JsGRdQ\">La voix n\u2019a plus de mots, La voix n\u2019est plus que cris : horreur et barbarie<\/span><\/p>\n<p><a href=\"http:\/\/www.atmf.org\/wp-content\/uploads\/2022\/06\/289949277_3237043686507884_3864191706962025399_n.jpg\"><img loading=\"lazy\" decoding=\"async\" class=\"aligncenter wp-image-8567\" src=\"http:\/\/www.atmf.org\/wp-content\/uploads\/2022\/06\/289949277_3237043686507884_3864191706962025399_n.jpg\" alt=\"\" width=\"469\" height=\"626\" data-wp-pid=\"8567\" srcset=\"https:\/\/www.atmf.org\/wp-content\/uploads\/2022\/06\/289949277_3237043686507884_3864191706962025399_n.jpg 960w, https:\/\/www.atmf.org\/wp-content\/uploads\/2022\/06\/289949277_3237043686507884_3864191706962025399_n-225x300.jpg 225w, https:\/\/www.atmf.org\/wp-content\/uploads\/2022\/06\/289949277_3237043686507884_3864191706962025399_n-768x1024.jpg 768w, https:\/\/www.atmf.org\/wp-content\/uploads\/2022\/06\/289949277_3237043686507884_3864191706962025399_n-800x1067.jpg 800w\" sizes=\"auto, (max-width: 469px) 100vw, 469px\" \/><\/a><\/p>\n<p>&nbsp;<\/p>\n<p class=\"_04xlpA direction-ltr align-justify para-style-subtitle\" style=\"text-align: justify;\"><span class=\"JsGRdQ\">Aujourd\u2019hui : A la fronti\u00e8re toute proche entre le Maroc et l\u2019Espagne<\/span><\/p>\n<p class=\"_04xlpA direction-ltr align-justify para-style-subtitle\" style=\"text-align: justify;\"><span class=\"JsGRdQ\"> Tout contre le mur de la honte de la ville de Melilla<\/span><\/p>\n<p class=\"_04xlpA direction-ltr align-justify para-style-subtitle\" style=\"text-align: justify;\"><span class=\"JsGRdQ\">Et dans les mers de la M\u00e9diterran\u00e9e comme de la Manche : des Cimeti\u00e8res<\/span><\/p>\n<p class=\"_04xlpA direction-ltr align-justify para-style-subtitle\" style=\"text-align: justify;\"><span class=\"JsGRdQ\">A qui incombe la responsabilit\u00e9 criminelle ?<\/span><\/p>\n<p class=\"_04xlpA direction-ltr align-justify para-style-subtitle\" style=\"text-align: justify;\"><span class=\"JsGRdQ\">Aux commanditaires : l<\/span><span class=\"JsGRdQ\">\u2019Europe officielle<\/span><\/p>\n<p class=\"_04xlpA direction-ltr align-justify para-style-subtitle\" style=\"text-align: justify;\"><span class=\"JsGRdQ\">Aux ex\u00e9cutants : Les Etats voyous &#8211;<\/span><\/p>\n<p class=\"_04xlpA direction-ltr align-justify para-style-subtitle\" style=\"text-align: justify;\"><span class=\"JsGRdQ\">Le R\u00e9gime marocain<\/span><\/p>\n<p class=\"_04xlpA direction-ltr align-justify para-style-subtitle\" style=\"text-align: justify;\"><strong><span class=\"JsGRdQ\">L\u2019Europe officielle<\/span><\/strong><\/p>\n<p class=\"_04xlpA direction-ltr align-justify para-style-subtitle\" style=\"text-align: justify;\"><span class=\"JsGRdQ\">Celle qui sous-traite le contr\u00f4le migratoire \u00e0 des \u00c9tats r\u00e9pressifs<\/span><\/p>\n<p class=\"_04xlpA direction-ltr align-justify para-style-subtitle\" style=\"text-align: justify;\"><span class=\"JsGRdQ\"> Celle qui continue \u00e0 voler en toute impunit\u00e9 <\/span><\/p>\n<p class=\"_04xlpA direction-ltr align-justify para-style-subtitle\" style=\"text-align: justify;\"><span class=\"JsGRdQ\">Les richesses de pays, pauvres de leur richesse <\/span><\/p>\n<p class=\"_04xlpA direction-ltr align-justify para-style-subtitle\" style=\"text-align: justify;\"><span class=\"JsGRdQ\">Celle qui continue \u00e0 garder ses int\u00e9r\u00eats en Afrique et ailleurs<\/span><\/p>\n<p class=\"_04xlpA direction-ltr align-justify para-style-subtitle\" style=\"text-align: justify;\"><span class=\"JsGRdQ\">Au prix de guerres provoqu\u00e9es vidant sols et sous-sols, terres et mers <\/span><\/p>\n<p class=\"_04xlpA direction-ltr align-justify para-style-subtitle\" style=\"text-align: justify;\"><span class=\"JsGRdQ\">Sacrifiant des milliers de vies, r\u00e9duisant \u00e0 l\u2019esclavage des enfants <\/span><\/p>\n<p class=\"_04xlpA direction-ltr align-justify para-style-subtitle\" style=\"text-align: justify;\"><span class=\"JsGRdQ\">Pour s\u2019approprier : minerais rares, or, diamants, p\u00e9trole\u2026 <\/span><\/p>\n<p class=\"_04xlpA direction-ltr align-justify para-style-subtitle\" style=\"text-align: justify;\"><span class=\"JsGRdQ\">Celle qui attise la haine.<\/span><\/p>\n<p class=\"_04xlpA direction-ltr align-justify para-style-subtitle\" style=\"text-align: justify;\"><span class=\"JsGRdQ\">Accusant migrants et immigr\u00e9s de manger son pain, de profiter de ses aides&nbsp;<\/span><\/p>\n<p class=\"_04xlpA direction-ltr align-justify para-style-subtitle\" style=\"text-align: justify;\"><span class=\"JsGRdQ\"> Faisant des ceux qui sont vol\u00e9s, les voleurs <\/span><\/p>\n<p class=\"_04xlpA direction-ltr align-justify para-style-subtitle\" style=\"text-align: justify;\"><span class=\"JsGRdQ\">Et les responsables de la mis\u00e8re des siens<\/span><\/p>\n<p class=\"_04xlpA direction-ltr align-justify para-style-subtitle\" style=\"text-align: justify;\"><strong><span class=\"JsGRdQ\">Le R\u00e9gime marocain<\/span><\/strong><\/p>\n<p class=\"_04xlpA direction-ltr align-justify para-style-subtitle\" style=\"text-align: justify;\"><span class=\"JsGRdQ\">Celui qui n\u2019h\u00e9site pas \u00e0 utiliser ses propres enfants <\/span><\/p>\n<p class=\"_04xlpA direction-ltr align-justify para-style-subtitle\" style=\"text-align: justify;\"><span class=\"JsGRdQ\">Aux portes de Melilla <\/span><\/p>\n<p class=\"_04xlpA direction-ltr align-justify para-style-subtitle\" style=\"text-align: justify;\"><span class=\"JsGRdQ\">Comme une honteuse carte de n\u00e9gociation <\/span><\/p>\n<p class=\"_04xlpA direction-ltr align-justify para-style-subtitle\" style=\"text-align: justify;\"><span class=\"JsGRdQ\">Une op\u00e9ration marchande entre le royaume et l\u2019Europe <\/span><\/p>\n<p class=\"_04xlpA direction-ltr align-justify para-style-subtitle\" style=\"text-align: justify;\"><span class=\"JsGRdQ\">Sacrifiant le droit \u00e0 la protection de l\u2019enfance <\/span><\/p>\n<p class=\"_04xlpA direction-ltr align-justify para-style-subtitle\" style=\"text-align: justify;\"><span class=\"JsGRdQ\">Celui qui m\u00e8ne la chasse aux migrants <\/span><\/p>\n<p class=\"_04xlpA direction-ltr align-justify para-style-subtitle\" style=\"text-align: justify;\"><span class=\"JsGRdQ\">A la demande de ses ma\u00eetres <\/span><\/p>\n<p class=\"_04xlpA direction-ltr align-justify para-style-subtitle\" style=\"text-align: justify;\"><span class=\"JsGRdQ\">Celui qui par les mains de sa police <\/span><\/p>\n<p class=\"_04xlpA direction-ltr align-justify para-style-subtitle\" style=\"text-align: justify;\"><span class=\"JsGRdQ\">Vole, maltraite, affame<\/span><\/p>\n<p class=\"_04xlpA direction-ltr align-justify para-style-subtitle\" style=\"text-align: justify;\"><span class=\"JsGRdQ\">Et aujourd\u2019hui assassine <\/span><\/p>\n<p class=\"_04xlpA direction-ltr align-justify para-style-subtitle\" style=\"text-align: justify;\"><span class=\"JsGRdQ\">Des fr\u00e8res \u00e0 nous dont nous portons le deuil<\/span><\/p>\n<p class=\"_04xlpA direction-ltr align-center para-style-subtitle\" style=\"text-align: center;\"><strong><span class=\"JsGRdQ\">Que tous les coupables<\/span><\/strong><\/p>\n<p class=\"_04xlpA direction-ltr align-center para-style-subtitle\" style=\"text-align: center;\"><strong><span class=\"JsGRdQ\">Etats, Polices, Personnes<\/span><\/strong><\/p>\n<p class=\"_04xlpA direction-ltr align-center para-style-subtitle\" style=\"text-align: center;\"><strong><span class=\"JsGRdQ\">Soient jug\u00e9s !<\/span><\/strong><\/p>\n<p class=\"_04xlpA direction-ltr align-center para-style-subtitle\" style=\"text-align: center;\"><strong><span class=\"JsGRdQ\">Le crime ne doit pas rester impuni<\/span><\/strong><\/p>\n<p class=\"_04xlpA direction-ltr align-center para-style-subtitle\" style=\"text-align: left;\"><span class=\"JsGRdQ\">Que tous les accords de la nouvelle \u00ab traite humaine \u00bb soient abolis <\/span><\/p>\n<p class=\"_04xlpA direction-ltr align-center para-style-subtitle\" style=\"text-align: left;\"><span class=\"JsGRdQ\">Que l\u2019humanit\u00e9 de toutes et de tous se soul\u00e8ve<\/span><\/p>\n<p class=\"_04xlpA direction-ltr align-center para-style-subtitle\" style=\"text-align: left;\"><span class=\"JsGRdQ\">Pour que la barbarie ne gagne pas !<\/span><\/p>\n<p>&nbsp;<\/p>\n<p class=\"_04xlpA direction-ltr align-justify para-style-subtitle\" style=\"text-align: justify;\"><span class=\"JsGRdQ\">L\u2019ATMF appelle les instances onusiennes pour qu\u2019elles m\u00e8nent une enqu\u00eate ind\u00e9pendante, afin de d\u00e9terminer les responsabilit\u00e9s de ces crimes \u00e0 tous les niveaux de l\u2019Etat marocain.<\/span><\/p>\n<p class=\"_04xlpA direction-ltr align-justify para-style-subtitle\" style=\"text-align: justify;\"><span class=\"JsGRdQ\">L\u2019ATMF appelle \u00e0 abroger les accords bilat\u00e9raux entre le Maroc, l&rsquo;Espagne et l&rsquo;Union Europ\u00e9enne qui sont les outils de s\u00e9gr\u00e9gation contre les migrants et r\u00e9fugi\u00e9s du sud, ainsi que tous les accords de sous-traitance de l\u2019immigration avec d\u2019autres \u00e9tats.<\/span><\/p>\n<p class=\"_04xlpA direction-ltr align-justify para-style-subtitle\" style=\"text-align: justify;\"><span class=\"JsGRdQ\">L\u2019ATMF appelle \u00e0 la dissolution de l\u2019Agence Frontex, bras arm\u00e9 de la mise en \u0153uvre du nouveau Pacte europ\u00e9en sur la migration et l\u2019asile, dont les pratiques en termes de refoulements, de violences envers des exil\u00e9s, de violation des droits fondamentaux des personnes et du droit international sont mises en cause.<\/span><\/p>\n<p class=\"_04xlpA direction-ltr align-center para-style-body\" style=\"text-align: right;\"><span class=\"JsGRdQ\">ATMF<\/span><\/p>\n<p class=\"_04xlpA direction-ltr align-end para-style-body\" style=\"text-align: right;\"><span class=\"JsGRdQ\">Conseil d\u2019Administration, 26 juin 2022<\/span><\/p>\n<p class=\"_04xlpA direction-ltr align-start para-style-body\"><span class=\"JsGRdQ\"><strong>Vid\u00e9os Amdh Nador<\/strong> :<\/span><\/p>\n<p class=\"_04xlpA direction-ltr align-start para-style-body\"><span class=\"JsGRdQ\">&#8211; <a href=\"https:\/\/fb.watch\/dVbOuMy8BG\/\">https:\/\/fb.watch\/dVbOuMy8BG\/<\/a><\/span><\/p>\n<p class=\"_04xlpA direction-ltr align-start para-style-body\"><span class=\"JsGRdQ\">&#8211; <a href=\"https:\/\/fb.watch\/dVca2vMN8I\/\">https:\/\/fb.watch\/dVca2vMN8I\/<\/a><\/span><\/p>\n<p class=\"_04xlpA direction-ltr align-start para-style-body\"><span class=\"JsGRdQ\">&#8211; <a href=\"https:\/\/fb.watch\/dVcd1gw5ll\/\">https:\/\/fb.watch\/dVcd1gw5ll\/<\/a><\/span><\/p>\n<p class=\"_04xlpA direction-ltr align-start para-style-body\"><span class=\"JsGRdQ\">&#8211; <a href=\"https:\/\/fb.watch\/dVce3kyAOl\/\">https:\/\/fb.watch\/dVce3kyAOl\/<\/a><\/span><\/p>\n<p><a href=\"http:\/\/www.atmf.org\/wp-content\/uploads\/2022\/06\/Bilan-provisoire-d\u2019un-carnage-sans-nom-24-06-2022-2.png\"><img loading=\"lazy\" decoding=\"async\" class=\"aligncenter size-full wp-image-8569\" src=\"http:\/\/www.atmf.org\/wp-content\/uploads\/2022\/06\/Bilan-provisoire-d\u2019un-carnage-sans-nom-24-06-2022-2.png\" alt=\"\" width=\"1587\" height=\"2245\" data-wp-pid=\"8569\" srcset=\"https:\/\/www.atmf.org\/wp-content\/uploads\/2022\/06\/Bilan-provisoire-d\u2019un-carnage-sans-nom-24-06-2022-2.png 1587w, https:\/\/www.atmf.org\/wp-content\/uploads\/2022\/06\/Bilan-provisoire-d\u2019un-carnage-sans-nom-24-06-2022-2-212x300.png 212w, https:\/\/www.atmf.org\/wp-content\/uploads\/2022\/06\/Bilan-provisoire-d\u2019un-carnage-sans-nom-24-06-2022-2-768x1086.png 768w, https:\/\/www.atmf.org\/wp-content\/uploads\/2022\/06\/Bilan-provisoire-d\u2019un-carnage-sans-nom-24-06-2022-2-724x1024.png 724w, https:\/\/www.atmf.org\/wp-content\/uploads\/2022\/06\/Bilan-provisoire-d\u2019un-carnage-sans-nom-24-06-2022-2-800x1132.png 800w\" sizes=\"auto, (max-width: 1587px) 100vw, 1587px\" \/><\/a><\/p>\n<p>&nbsp;<\/p>\n<p><a href=\"http:\/\/www.atmf.org\/wp-content\/uploads\/2022\/06\/Bilan-provisoire-d\u2019un-carnage-sans-nom-24-06-2022-2.pdf\">Bilan provisoire d\u2019un carnage sans nom 24 06 2022<\/a><\/p>\n","protected":false},"excerpt":{"rendered":"<p>Le 24 juin, \u00e0 21h, 27 corps gisent sans vie, \u00e0 l\u2019h\u00f4pital de Nador au Maroc 27 migrants assassin\u00e9s, 27 vies arrach\u00e9es Et d\u2019autres entre la vie et la mort Un nombre inconnu de bless\u00e9s laiss\u00e9s agonir sans secours Un &hellip; <a href=\"https:\/\/www.atmf.org\/?p=8554\">Continue reading <span class=\"meta-nav\">&rarr;<\/span><\/a><\/p>\n","protected":false},"author":1,"featured_media":8559,"comment_status":"closed","ping_status":"closed","sticky":false,"template":"","format":"standard","meta":{"ngg_post_thumbnail":0,"_monsterinsights_skip_tracking":false,"_monsterinsights_sitenote_active":false,"_monsterinsights_sitenote_note":"","_monsterinsights_sitenote_category":0,"footnotes":""},"categories":[47],"tags":[286,388,126,479,132,162],"class_list":["post-8554","post","type-post","status-publish","format-standard","has-post-thumbnail","hentry","category-migrants-sans-frontieres","tag-afrique","tag-espagne","tag-maroc","tag-melila","tag-migrants","tag-nador"],"_links":{"self":[{"href":"https:\/\/www.atmf.org\/index.php?rest_route=\/wp\/v2\/posts\/8554","targetHints":{"allow":["GET"]}}],"collection":[{"href":"https:\/\/www.atmf.org\/index.php?rest_route=\/wp\/v2\/posts"}],"about":[{"href":"https:\/\/www.atmf.org\/index.php?rest_route=\/wp\/v2\/types\/post"}],"author":[{"embeddable":true,"href":"https:\/\/www.atmf.org\/index.php?rest_route=\/wp\/v2\/users\/1"}],"replies":[{"embeddable":true,"href":"https:\/\/www.atmf.org\/index.php?rest_route=%2Fwp%2Fv2%2Fcomments&post=8554"}],"version-history":[{"count":8,"href":"https:\/\/www.atmf.org\/index.php?rest_route=\/wp\/v2\/posts\/8554\/revisions"}],"predecessor-version":[{"id":8571,"href":"https:\/\/www.atmf.org\/index.php?rest_route=\/wp\/v2\/posts\/8554\/revisions\/8571"}],"wp:featuredmedia":[{"embeddable":true,"href":"https:\/\/www.atmf.org\/index.php?rest_route=\/wp\/v2\/media\/8559"}],"wp:attachment":[{"href":"https:\/\/www.atmf.org\/index.php?rest_route=%2Fwp%2Fv2%2Fmedia&parent=8554"}],"wp:term":[{"taxonomy":"category","embeddable":true,"href":"https:\/\/www.atmf.org\/index.php?rest_route=%2Fwp%2Fv2%2Fcategories&post=8554"},{"taxonomy":"post_tag","embeddable":true,"href":"https:\/\/www.atmf.org\/index.php?rest_route=%2Fwp%2Fv2%2Ftags&post=8554"}],"curies":[{"name":"wp","href":"https:\/\/api.w.org\/{rel}","templated":true}]}}