{"id":8689,"date":"2022-11-02T22:50:45","date_gmt":"2022-11-02T21:50:45","guid":{"rendered":"http:\/\/www.atmf.org\/?p=8689"},"modified":"2022-11-02T23:26:44","modified_gmt":"2022-11-02T22:26:44","slug":"atmf-14eme-congres-et-40eme-anniversaire","status":"publish","type":"post","link":"https:\/\/www.atmf.org\/?p=8689","title":{"rendered":"ATMF : 14\u00e8me congr\u00e8s et 40\u00e8me anniversaire"},"content":{"rendered":"<p><strong>Programme 14<sup>\u00e8me<\/sup> Congr\u00e8s &amp; 40<sup>\u00e8me<\/sup> Anniversaire<\/strong><\/p>\n<p>&nbsp;<\/p>\n<p>Espace culturel et social Gr\u00e9sillons, 28 rue Paul Couturier&nbsp;92230 Gennevilliers<\/p>\n<p><strong><u>Vendredi 11 novembre 2022<\/u><\/strong><\/p>\n<p><strong>Travaux du congr\u00e8s<\/strong><\/p>\n<p>&nbsp;<\/p>\n<p><strong><u>Samedi 12 novembre 2022 <\/u><\/strong><\/p>\n<ul>\n<li><strong>10h \u00e0 12h<\/strong><\/li>\n<\/ul>\n<p><strong>Suite des travaux du congr\u00e8s <\/strong><\/p>\n<p><strong>&nbsp;<\/strong><\/p>\n<ul>\n<li><strong>15h \u00e0 18 h 45&nbsp;<\/strong><\/li>\n<\/ul>\n<p><strong>D\u00e9bat \/ Nos luttes&nbsp;: Devoir de M\u00e9moire \u2013Devoir d\u2019Action et de Solidarit\u00e9<\/strong><\/p>\n<p><strong>&nbsp;<\/strong><\/p>\n<ul>\n<li><strong>15h \u00e0 16h 30<\/strong><\/li>\n<\/ul>\n<p><strong>Premi\u00e8re table ronde anim\u00e9e par Ali El Baz&nbsp;: Militant associatif<\/strong><\/p>\n<ul>\n<li><strong>Gustave Massiah&nbsp;: Economiste et personnalit\u00e9 incontournable du mouvement Altermondialiste<\/strong><\/li>\n<li><strong>Pierro Galloro : Directeur du d\u00e9partement de sociologie, Universit\u00e9 de Lorraine<\/strong><\/li>\n<li><strong>Omar Slaouti&nbsp;: Enseignant, militant associatif<\/strong><\/li>\n<li><strong>Anzoumane Sissoko&nbsp;: Militant associatif<\/strong><\/li>\n<\/ul>\n<p><strong>&nbsp;<\/strong><\/p>\n<ul>\n<li><strong>16h45 \u00e0 18h45<\/strong><\/li>\n<\/ul>\n<p><strong>Deuxi\u00e8me table ronde&nbsp;anim\u00e9e par Abdellah Zniber&nbsp;: Militant associatif<\/strong><\/p>\n<ul>\n<li><strong>Florence Braud&nbsp;: Enseignante, Militante associative<\/strong><\/li>\n<li><strong>Nadia Chaabane&nbsp;: Militante associative f\u00e9ministe<\/strong><\/li>\n<li><strong>Sanhaja Akrouf&nbsp;: Militante associative<\/strong><\/li>\n<li><strong>Fouad Abdelmoumni&nbsp;: Economiste et militant des droits de l\u2019homme au Maroc<\/strong><\/li>\n<li><strong>Aboubakr Jamai&nbsp;: Journaliste et Universitaire <\/strong><\/li>\n<\/ul>\n<p><strong>&nbsp;<\/strong><\/p>\n<p><strong>Pause <\/strong><\/p>\n<p><strong>Prises de parole de nos partenaires<\/strong><\/p>\n<p>&nbsp;<\/p>\n<ul>\n<li><strong>19h \u00e0 00h00<\/strong><\/li>\n<\/ul>\n<p><strong>Pot de l\u2019amiti\u00e9, buffet dinatoire et soir\u00e9e musicale<\/strong><\/p>\n<p>&nbsp;<\/p>\n<p><strong><u>Dimanche&nbsp;: 13 novembre 2022<\/u><\/strong><\/p>\n<ul>\n<li><strong>10h30 \u00e0 12h00<\/strong><\/li>\n<\/ul>\n<p><strong>Suite des travaux du congr\u00e8s et cl\u00f4ture<\/strong><\/p>\n<p><strong>A l\u2019occasion de cet \u00e9v\u00e9nement nous avons pr\u00e9vu, une exposition (affiches &amp; photos), projection (Film &amp; Photos<\/strong>).<\/p>\n<p><a href=\"http:\/\/www.atmf.org\/wp-content\/uploads\/2022\/11\/Atmf-11-12-13-novembre-2022.png\"><img loading=\"lazy\" decoding=\"async\" class=\"aligncenter size-full wp-image-8690\" src=\"http:\/\/www.atmf.org\/wp-content\/uploads\/2022\/11\/Atmf-11-12-13-novembre-2022.png\" alt=\"\" width=\"1587\" height=\"2245\" data-wp-pid=\"8690\" srcset=\"https:\/\/www.atmf.org\/wp-content\/uploads\/2022\/11\/Atmf-11-12-13-novembre-2022.png 1587w, https:\/\/www.atmf.org\/wp-content\/uploads\/2022\/11\/Atmf-11-12-13-novembre-2022-212x300.png 212w, https:\/\/www.atmf.org\/wp-content\/uploads\/2022\/11\/Atmf-11-12-13-novembre-2022-768x1086.png 768w, https:\/\/www.atmf.org\/wp-content\/uploads\/2022\/11\/Atmf-11-12-13-novembre-2022-724x1024.png 724w, https:\/\/www.atmf.org\/wp-content\/uploads\/2022\/11\/Atmf-11-12-13-novembre-2022-800x1132.png 800w\" sizes=\"auto, (max-width: 1587px) 100vw, 1587px\" \/><\/a><\/p>\n<p><a href=\"http:\/\/www.atmf.org\/wp-content\/uploads\/2022\/11\/Affiche-ATMF-426x600mm.jpg\"><img loading=\"lazy\" decoding=\"async\" class=\"aligncenter size-full wp-image-8691\" src=\"http:\/\/www.atmf.org\/wp-content\/uploads\/2022\/11\/Affiche-ATMF-426x600mm.jpg\" alt=\"\" width=\"3197\" height=\"4772\" data-wp-pid=\"8691\" srcset=\"https:\/\/www.atmf.org\/wp-content\/uploads\/2022\/11\/Affiche-ATMF-426x600mm.jpg 3197w, https:\/\/www.atmf.org\/wp-content\/uploads\/2022\/11\/Affiche-ATMF-426x600mm-201x300.jpg 201w, https:\/\/www.atmf.org\/wp-content\/uploads\/2022\/11\/Affiche-ATMF-426x600mm-768x1146.jpg 768w, https:\/\/www.atmf.org\/wp-content\/uploads\/2022\/11\/Affiche-ATMF-426x600mm-686x1024.jpg 686w, https:\/\/www.atmf.org\/wp-content\/uploads\/2022\/11\/Affiche-ATMF-426x600mm-800x1194.jpg 800w\" sizes=\"auto, (max-width: 3197px) 100vw, 3197px\" \/><\/a><\/p>\n","protected":false},"excerpt":{"rendered":"<p>Programme 14\u00e8me Congr\u00e8s &amp; 40\u00e8me Anniversaire &nbsp; Espace culturel et social Gr\u00e9sillons, 28 rue Paul Couturier&nbsp;92230 Gennevilliers Vendredi 11 novembre 2022 Travaux du congr\u00e8s &nbsp; Samedi 12 novembre 2022 10h \u00e0 12h Suite des travaux du congr\u00e8s &nbsp; 15h \u00e0 &hellip; <a href=\"https:\/\/www.atmf.org\/?p=8689\">Continue reading <span class=\"meta-nav\">&rarr;<\/span><\/a><\/p>\n","protected":false},"author":1,"featured_media":8692,"comment_status":"closed","ping_status":"closed","sticky":false,"template":"","format":"standard","meta":{"ngg_post_thumbnail":0,"_monsterinsights_skip_tracking":false,"_monsterinsights_sitenote_active":false,"_monsterinsights_sitenote_note":"","_monsterinsights_sitenote_category":0,"footnotes":""},"categories":[82],"tags":[480,481,482,201,394,224],"class_list":["post-8689","post","type-post","status-publish","format-standard","has-post-thumbnail","hentry","category-communiques","tag-14eme-congres","tag-40eme-anniversaire","tag-action","tag-luttes","tag-memoire","tag-solidarite"],"_links":{"self":[{"href":"https:\/\/www.atmf.org\/index.php?rest_route=\/wp\/v2\/posts\/8689","targetHints":{"allow":["GET"]}}],"collection":[{"href":"https:\/\/www.atmf.org\/index.php?rest_route=\/wp\/v2\/posts"}],"about":[{"href":"https:\/\/www.atmf.org\/index.php?rest_route=\/wp\/v2\/types\/post"}],"author":[{"embeddable":true,"href":"https:\/\/www.atmf.org\/index.php?rest_route=\/wp\/v2\/users\/1"}],"replies":[{"embeddable":true,"href":"https:\/\/www.atmf.org\/index.php?rest_route=%2Fwp%2Fv2%2Fcomments&post=8689"}],"version-history":[{"count":2,"href":"https:\/\/www.atmf.org\/index.php?rest_route=\/wp\/v2\/posts\/8689\/revisions"}],"predecessor-version":[{"id":8694,"href":"https:\/\/www.atmf.org\/index.php?rest_route=\/wp\/v2\/posts\/8689\/revisions\/8694"}],"wp:featuredmedia":[{"embeddable":true,"href":"https:\/\/www.atmf.org\/index.php?rest_route=\/wp\/v2\/media\/8692"}],"wp:attachment":[{"href":"https:\/\/www.atmf.org\/index.php?rest_route=%2Fwp%2Fv2%2Fmedia&parent=8689"}],"wp:term":[{"taxonomy":"category","embeddable":true,"href":"https:\/\/www.atmf.org\/index.php?rest_route=%2Fwp%2Fv2%2Fcategories&post=8689"},{"taxonomy":"post_tag","embeddable":true,"href":"https:\/\/www.atmf.org\/index.php?rest_route=%2Fwp%2Fv2%2Ftags&post=8689"}],"curies":[{"name":"wp","href":"https:\/\/api.w.org\/{rel}","templated":true}]}}